{"content":"<div class=\"row inline-row\">\r\n            <div class=\"col-md-6 col-xs-12 inline-col feed-item\">\r\n            <div class=\"clearfix\">\r\n    <div class=\"img\">\r\n        <a   href=\"https:\/\/vmkik.positive.hu\/rendezvenyek\/rendezvenyek\/vedjegy-bizottsagi-ules\">\r\n            <img class=\"img-responsive img-center\" src=\"\/uploads\/events\/small-brand-1280-15964593777921.jpg\" alt=\"V\u00e9djegy Bizotts\u00e1gi \u00fcl\u00e9s\">\r\n        <\/a>\r\n    <\/div>\r\n    <div class=\"info\">\r\n        <div class=\"title\"><a  href=\"https:\/\/vmkik.positive.hu\/rendezvenyek\/rendezvenyek\/vedjegy-bizottsagi-ules\">V\u00e9djegy Bizotts\u00e1gi \u00fcl\u00e9s<\/a><\/div>\r\n                    <ul class=\"categories\">\r\n                <li><a style=\"background: #2a299e; color: #ffffff\" href=\"https:\/\/vmkik.positive.hu\/rendezvenyek\/rendezvenyek\">Rendezv\u00e9nyek<\/a><\/li>\r\n                <li><span class=\"public-at\">2020. augusztus 03.<\/span><\/li>\r\n            <\/ul>\r\n                <div class=\"desc\"><\/div>\r\n    <\/div>\r\n<\/div>        <\/div>\r\n            <div class=\"col-md-6 col-xs-12 inline-col feed-item\">\r\n            <div class=\"clearfix\">\r\n    <div class=\"img\">\r\n        <a   href=\"https:\/\/vmkik.positive.hu\/rendezvenyek\/rendezvenyek\/valasztasi-bizottsagi-ules\">\r\n            <img class=\"img-responsive img-center\" src=\"\/uploads\/events\/small-elections-1280-15964590654848.png\" alt=\"V\u00e1laszt\u00e1si Bizotts\u00e1gi \u00fcl\u00e9s\">\r\n        <\/a>\r\n    <\/div>\r\n    <div class=\"info\">\r\n        <div class=\"title\"><a  href=\"https:\/\/vmkik.positive.hu\/rendezvenyek\/rendezvenyek\/valasztasi-bizottsagi-ules\">V\u00e1laszt\u00e1si Bizotts\u00e1gi \u00fcl\u00e9s<\/a><\/div>\r\n                    <ul class=\"categories\">\r\n                <li><a style=\"background: #2a299e; color: #ffffff\" href=\"https:\/\/vmkik.positive.hu\/rendezvenyek\/rendezvenyek\">Rendezv\u00e9nyek<\/a><\/li>\r\n                <li><span class=\"public-at\">2020. augusztus 03.<\/span><\/li>\r\n            <\/ul>\r\n                <div class=\"desc\"><p style=\"text-align:justify\">A VMKIK k\u00fcld\u00f6ttv\u00e1laszt\u00f3 \u00fcl\u00e9sei el\u0151k\u00e9sz\u00edt\u00e9s\u00e9nek j\u00f3v\u00e1hagy\u00e1sa<\/p><\/div>\r\n    <\/div>\r\n<\/div>        <\/div>\r\n            <div class=\"col-md-6 col-xs-12 inline-col feed-item\">\r\n            <div class=\"clearfix\">\r\n    <div class=\"img\">\r\n        <a   href=\"https:\/\/vmkik.positive.hu\/rendezvenyek\/rendezvenyek\/gyakorlati-oktatoi-kepzes-es-vizsga\">\r\n            <img class=\"img-responsive img-center\" src=\"\/uploads\/events\/small-writing-1280-15964585920017.jpg\" alt=\"Gyakorlati oktat\u00f3i k\u00e9pz\u00e9s \u00e9s vizsga\">\r\n        <\/a>\r\n    <\/div>\r\n    <div class=\"info\">\r\n        <div class=\"title\"><a  href=\"https:\/\/vmkik.positive.hu\/rendezvenyek\/rendezvenyek\/gyakorlati-oktatoi-kepzes-es-vizsga\">Gyakorlati oktat\u00f3i k\u00e9pz\u00e9s \u00e9s vizsga<\/a><\/div>\r\n                    <ul class=\"categories\">\r\n                <li><a style=\"background: #2a299e; color: #ffffff\" href=\"https:\/\/vmkik.positive.hu\/rendezvenyek\/rendezvenyek\">Rendezv\u00e9nyek<\/a><\/li>\r\n                <li><span class=\"public-at\">2020. augusztus 03.<\/span><\/li>\r\n            <\/ul>\r\n                <div class=\"desc\"><p>A kamarai gyakorlati oktat\u00f3i k\u00e9pz\u00e9s \u00e9s vizsga azokat a gyakorlati oktat\u00f3k\u00e9nt alkalmazott szakembereket\/szakoktat\u00f3kat \u00e9rinti, akik iskol\u00e1n k\u00edv\u00fcli (k\u00fcls\u0151) gyakorlati k\u00e9pz\u0151helyen foglalkoznak tanul\u00f3val az iskolai rendszer\u0171 szakk\u00e9pz\u00e9sben.<\/p><\/div>\r\n    <\/div>\r\n<\/div>        <\/div>\r\n            <div class=\"col-md-6 col-xs-12 inline-col feed-item\">\r\n            <div class=\"clearfix\">\r\n    <div class=\"img\">\r\n        <a   href=\"https:\/\/vmkik.positive.hu\/rendezvenyek\/rendezvenyek\/it-biztonsag-online-konferencia\">\r\n            <img class=\"img-responsive img-center\" src=\"\/uploads\/events\/small-mvp-15947995567216.jpg\" alt=\"IT biztons\u00e1g online konferencia\">\r\n        <\/a>\r\n    <\/div>\r\n    <div class=\"info\">\r\n        <div class=\"title\"><a  href=\"https:\/\/vmkik.positive.hu\/rendezvenyek\/rendezvenyek\/it-biztonsag-online-konferencia\">IT biztons\u00e1g online konferencia<\/a><\/div>\r\n                    <ul class=\"categories\">\r\n                <li><a style=\"background: #2a299e; color: #ffffff\" href=\"https:\/\/vmkik.positive.hu\/rendezvenyek\/rendezvenyek\">Rendezv\u00e9nyek<\/a><\/li>\r\n                <li><span class=\"public-at\">2020. j\u00falius 15.<\/span><\/li>\r\n            <\/ul>\r\n                <div class=\"desc\"><p>A koronav\u00edrus j\u00e1rv\u00e1ny v\u00e1ratlan helyzet el\u00e9 \u00e1ll\u00edtotta a v\u00e1llalkoz\u00e1sokat Magyarorsz\u00e1gon is. Nagyon r\u00f6vid id\u0151 alatt kellett megteremteni az otthonr\u00f3l v\u00e9gezhet\u0151 munka felt\u00e9teleit. A szakemberek szerint ezt a feladatot a nagyobb c\u00e9gek sikeresebben oldott\u00e1k meg, mert n\u00e1luk m\u00e1r volt hagyom\u00e1nya a home office-nak munkaszervez\u00e9si, infrastruktur\u00e1lis \u00e9s inform\u00e1ci\u00f3biztons\u00e1gi szempontb\u00f3l is.<\/p><\/div>\r\n    <\/div>\r\n<\/div>        <\/div>\r\n            <div class=\"col-md-6 col-xs-12 inline-col feed-item\">\r\n            <div class=\"clearfix\">\r\n    <div class=\"img\">\r\n        <a   href=\"https:\/\/vmkik.positive.hu\/rendezvenyek\/rendezvenyek\/csobbanj-celldomolk\">\r\n            <img class=\"img-responsive img-center\" src=\"\/uploads\/events\/small-img-0436-1593513296503.jpg\" alt=\"Csobbanj! Celld\u00f6m\u00f6lk\">\r\n        <\/a>\r\n    <\/div>\r\n    <div class=\"info\">\r\n        <div class=\"title\"><a  href=\"https:\/\/vmkik.positive.hu\/rendezvenyek\/rendezvenyek\/csobbanj-celldomolk\">Csobbanj! Celld\u00f6m\u00f6lk<\/a><\/div>\r\n                    <ul class=\"categories\">\r\n                <li><a style=\"background: #2a299e; color: #ffffff\" href=\"https:\/\/vmkik.positive.hu\/rendezvenyek\/rendezvenyek\">Rendezv\u00e9nyek<\/a><\/li>\r\n                <li><span class=\"public-at\">2020. j\u00fanius 30.<\/span><\/li>\r\n            <\/ul>\r\n                <div class=\"desc\"><p>J\u00falius 3-\u00e1n&nbsp;a Celld\u00f6m\u00f6lki Gy\u00f3gy *- \u00e9s \u00c9lm\u00e9nyf\u00fcrd\u0151be&nbsp;v\u00e1rjuk k\u00e9pess\u00e9gfejleszt\u0151, logikai, \u00fcgyess\u00e9gi \u00e9s mem\u00f3riaj\u00e1t\u00e9kokkal, j\u00e1t\u00e9kszigettel \u00e9s kreat\u00edv foglalkoz\u00e1sokkal a legkisebbeket egy kis f\u00fcrd\u0151z\u00e9s ut\u00e1ni kikapcsol\u00f3d\u00e1sra a f\u00fcrd\u0151 ter\u00fclet\u00e9n fel\u00e1ll\u00edtott EU-asztaln\u00e1l.<\/p><\/div>\r\n    <\/div>\r\n<\/div>        <\/div>\r\n            <div class=\"col-md-6 col-xs-12 inline-col feed-item\">\r\n            <div class=\"clearfix\">\r\n    <div class=\"img\">\r\n        <a   href=\"https:\/\/vmkik.positive.hu\/rendezvenyek\/rendezvenyek\/szerzodeskoteshez-kapcsolodo-targyalasok-osztrak-vagy-nemet-vallalkozokkal\">\r\n            <img class=\"img-responsive img-center\" src=\"\/uploads\/events\/small-images-15826314114471.jpg\" alt=\"Szerz\u0151d\u00e9sk\u00f6t\u00e9shez kapcsol\u00f3d\u00f3 t\u00e1rgyal\u00e1sok osztr\u00e1k vagy n\u00e9met v\u00e1llalkoz\u00f3kkal\">\r\n        <\/a>\r\n    <\/div>\r\n    <div class=\"info\">\r\n        <div class=\"title\"><a  href=\"https:\/\/vmkik.positive.hu\/rendezvenyek\/rendezvenyek\/szerzodeskoteshez-kapcsolodo-targyalasok-osztrak-vagy-nemet-vallalkozokkal\">Szerz\u0151d\u00e9sk\u00f6t\u00e9shez kapcsol\u00f3d\u00f3 t\u00e1rgyal\u00e1sok osztr\u00e1k vagy n\u00e9met v\u00e1llalkoz\u00f3kkal<\/a><\/div>\r\n                    <ul class=\"categories\">\r\n                <li><a style=\"background: #2a299e; color: #ffffff\" href=\"https:\/\/vmkik.positive.hu\/rendezvenyek\/rendezvenyek\">Rendezv\u00e9nyek<\/a><\/li>\r\n                <li><span class=\"public-at\">2020. febru\u00e1r 25.<\/span><\/li>\r\n            <\/ul>\r\n                <div class=\"desc\"><p style=\"text-align:justify\">2020. m\u00e1rcius 11-\u00e9n, szerd\u00e1n Magyarorsz\u00e1g B\u00e9csi Nagyk\u00f6vets\u00e9ge K\u00fclgazdas\u00e1gi Iroda jogi szemin\u00e1riumot szervez a fenti c\u00edmmel olyan v\u00e1llalkoz\u00e1soknak, akik gazdas\u00e1gi tev\u00e9kenys\u00e9g\u00fck sor\u00e1n n\u00e9met vagy osztr\u00e1k v\u00e1llalkoz\u00e1sokkal m\u0171k\u00f6dnek egy\u00fctt, vagy tervezik az egy\u00fcttm\u0171k\u00f6d\u00e9st.<\/p><\/div>\r\n    <\/div>\r\n<\/div>        <\/div>\r\n            <div class=\"col-md-6 col-xs-12 inline-col feed-item\">\r\n            <div class=\"clearfix\">\r\n    <div class=\"img\">\r\n        <a   href=\"https:\/\/vmkik.positive.hu\/rendezvenyek\/rendezvenyek\/21-nemzetkozi-kokonferencia\">\r\n            <img class=\"img-responsive img-center\" src=\"\/uploads\/events\/small-ko-logo-250x178-2-15820157682664.png\" alt=\"21. Nemzetk\u00f6zi K\u0151konferencia\">\r\n        <\/a>\r\n    <\/div>\r\n    <div class=\"info\">\r\n        <div class=\"title\"><a  href=\"https:\/\/vmkik.positive.hu\/rendezvenyek\/rendezvenyek\/21-nemzetkozi-kokonferencia\">21. Nemzetk\u00f6zi K\u0151konferencia<\/a><\/div>\r\n                    <ul class=\"categories\">\r\n                <li><a style=\"background: #2a299e; color: #ffffff\" href=\"https:\/\/vmkik.positive.hu\/rendezvenyek\/rendezvenyek\">Rendezv\u00e9nyek<\/a><\/li>\r\n                <li><span class=\"public-at\">2020. febru\u00e1r 18.<\/span><\/li>\r\n            <\/ul>\r\n                <div class=\"desc\"><p>A K\u0151farag\u00f3k \u00e9s M\u0171k\u0151k\u00e9sz\u00edt\u0151 V\u00e1llalkoz\u00f3k Ipartest\u00fclete 2020. m\u00e1rcius 7-\u00e9n, Pilisv\u00f6r\u00f6sv\u00e1ron rendezi meg a 21. Nemzetk\u00f6zi K\u0151konferenci\u00e1t.<\/p><\/div>\r\n    <\/div>\r\n<\/div>        <\/div>\r\n            <div class=\"col-md-6 col-xs-12 inline-col feed-item\">\r\n            <div class=\"clearfix\">\r\n    <div class=\"img\">\r\n        <a   href=\"https:\/\/vmkik.positive.hu\/rendezvenyek\/szakmai-nap\/hokezelo-szakmai-nap\">\r\n            <img class=\"img-responsive img-center\" src=\"\/uploads\/events\/small-hokez-15809066419637.jpg\" alt=\"H\u0150KEZEL\u0150 SZAKMAI NAP\">\r\n        <\/a>\r\n    <\/div>\r\n    <div class=\"info\">\r\n        <div class=\"title\"><a  href=\"https:\/\/vmkik.positive.hu\/rendezvenyek\/szakmai-nap\/hokezelo-szakmai-nap\">H\u0150KEZEL\u0150 SZAKMAI NAP<\/a><\/div>\r\n                    <ul class=\"categories\">\r\n                <li><a style=\"background: #911a1d; color: #ffffff\" href=\"https:\/\/vmkik.positive.hu\/rendezvenyek\/szakmai-nap\">szakmai nap<\/a><\/li>\r\n                <li><span class=\"public-at\">2020. febru\u00e1r 05.<\/span><\/li>\r\n            <\/ul>\r\n                <div class=\"desc\"><p style=\"text-align:justify\"><strong>A Borsodi M\u0171hely Kft. szakmai napot hirdet h\u0151kezel\u00e9s t\u00e9mak\u00f6rben ipari szerepl\u0151k r\u00e9sz\u00e9re.<\/strong><\/p><\/div>\r\n    <\/div>\r\n<\/div>        <\/div>\r\n    <\/div>\r\n\r\n<ul class=\"pagination\">\r\n                    <li class=\"left\"><a href=\"https:\/\/vmkik.positive.hu\/api\/events\/page?page=28\" rel=\"prev\"><span class=\"icon icon-arrow-flat-left\"><\/span><\/a><\/li>\r\n        \r\n                    \r\n                                                                        <li><a href=\"https:\/\/vmkik.positive.hu\/api\/events\/page?page=1\">01<\/a><\/li>\r\n                                                                                <li><a href=\"https:\/\/vmkik.positive.hu\/api\/events\/page?page=2\">02<\/a><\/li>\r\n                                                                                    <li class=\"disabled\"><span>...<\/span><\/li>\r\n            \r\n                                \r\n                                                                        <li><a href=\"https:\/\/vmkik.positive.hu\/api\/events\/page?page=22\">22<\/a><\/li>\r\n                                                                                <li><a href=\"https:\/\/vmkik.positive.hu\/api\/events\/page?page=23\">23<\/a><\/li>\r\n                                                                                <li><a href=\"https:\/\/vmkik.positive.hu\/api\/events\/page?page=24\">24<\/a><\/li>\r\n                                                                                <li><a href=\"https:\/\/vmkik.positive.hu\/api\/events\/page?page=25\">25<\/a><\/li>\r\n                                                                                <li><a href=\"https:\/\/vmkik.positive.hu\/api\/events\/page?page=26\">26<\/a><\/li>\r\n                                                                                <li><a href=\"https:\/\/vmkik.positive.hu\/api\/events\/page?page=27\">27<\/a><\/li>\r\n                                                                                <li><a href=\"https:\/\/vmkik.positive.hu\/api\/events\/page?page=28\">28<\/a><\/li>\r\n                                                                                <li class=\"active\"><span>29<\/span><\/li>\r\n                                                                                <li><a href=\"https:\/\/vmkik.positive.hu\/api\/events\/page?page=30\">30<\/a><\/li>\r\n                                                        \r\n                    <li class=\"right\"><a href=\"https:\/\/vmkik.positive.hu\/api\/events\/page?page=30\" rel=\"next\"><span class=\"icon icon-arrow-flat-right\"><\/span><\/a><\/li>\r\n            <\/ul>\r\n\r\n","page":"29"}