{"content":"<div class=\"row inline-row\">\r\n                <div class=\"col-md-6 inline-col feed-item\">\r\n            <div class=\"clearfix\">\r\n        <div class=\"img\">\r\n            <a  href=\"https:\/\/vmkik.positive.hu\/hirek\/vallalkozoi-lehetoseg-ingyenes-digitalis-fejlodes\">\r\n                <img class=\"img-responsive img-center\" src=\"\/uploads\/feed_items\/small-digitalizacio-174288466665.jpg\" alt=\"V\u00e1llalkoz\u00f3i lehet\u0151s\u00e9g: ingyenes digit\u00e1lis fejl\u0151d\u00e9s!\">\r\n            <\/a>\r\n        <\/div>\r\n        <div class=\"info\">\r\n            <div class=\"title\"><a  href=\"https:\/\/vmkik.positive.hu\/hirek\/vallalkozoi-lehetoseg-ingyenes-digitalis-fejlodes\">V\u00e1llalkoz\u00f3i lehet\u0151s\u00e9g: ingyenes digit\u00e1lis fejl\u0151d\u00e9s!<\/a><\/div>\r\n                            <ul class=\"categories\">\r\n                                            <li><a style=\"background: #5c299e; color: #ffffff\" href=\"https:\/\/vmkik.positive.hu\/hirek\/hirek\">H\u00edrek<\/a><\/li>\r\n                                            <li><a style=\"background: #299e9e; color: #ffffff\" href=\"https:\/\/vmkik.positive.hu\/hirek\/palyazatok\">P\u00e1ly\u00e1zatok<\/a><\/li>\r\n                                        <li><span class=\"public-at\">2025. m\u00e1rcius 25.<\/span><\/li>\r\n                <\/ul>\r\n                        <div class=\"desc\"><p>A&nbsp;<strong>\u201eMinden v\u00e1llalkoz\u00e1snak legyen saj\u00e1t honlapja\u201d Program<\/strong>&nbsp;egy utalv\u00e1nyrendszer\u0171 program, amely 9 milli\u00e1rd forint keret\u00f6sszegb\u0151l t\u00e1mogatja a KKV-szektor weboldal fejleszt\u00e9seit, meger\u0151s\u00edtve ez\u00e1ltal online jelenl\u00e9t\u00fcket \u00e9s e-kereskedelmi tev\u00e9kenys\u00e9g\u00fcket.<\/p><\/div>\r\n        <\/div>\r\n    <\/div>\r\n        <\/div>\r\n            <div class=\"col-md-6 inline-col feed-item\">\r\n            <div class=\"clearfix\">\r\n        <div class=\"img\">\r\n            <a  href=\"https:\/\/vmkik.positive.hu\/hirek\/valtozasok-a-szechenyi-kartya-programban\">\r\n                <img class=\"img-responsive img-center\" src=\"\/uploads\/feed_items\/small-szechenyi-kartya-program-max-bankkartya-17428208979778.jpg\" alt=\"V\u00e1ltoz\u00e1sok a Sz\u00e9chenyi K\u00e1rtya Programban\">\r\n            <\/a>\r\n        <\/div>\r\n        <div class=\"info\">\r\n            <div class=\"title\"><a  href=\"https:\/\/vmkik.positive.hu\/hirek\/valtozasok-a-szechenyi-kartya-programban\">V\u00e1ltoz\u00e1sok a Sz\u00e9chenyi K\u00e1rtya Programban<\/a><\/div>\r\n                            <ul class=\"categories\">\r\n                                            <li><a style=\"background: #5c299e; color: #ffffff\" href=\"https:\/\/vmkik.positive.hu\/hirek\/hirek\">H\u00edrek<\/a><\/li>\r\n                                            <li><a style=\"background: #2a299e; color: #ffffff\" href=\"https:\/\/vmkik.positive.hu\/hirek\/szechenyi-kartya\">Sz\u00e9chenyi k\u00e1rtya<\/a><\/li>\r\n                                        <li><span class=\"public-at\">2025. m\u00e1rcius 24.<\/span><\/li>\r\n                <\/ul>\r\n                        <div class=\"desc\"><p>A Nemzetgazdas\u00e1gi Miniszt\u00e9rium, a Magyar Biztos\u00edt\u00e1si Tan\u00e1csad\u00f3k Sz\u00f6vets\u00e9ge (MBTSZ), valamint a Garantiqa Hitelgarancia Zrt. egy\u00fcttm\u0171k\u00f6d\u00e9s\u00e9nek k\u00f6sz\u00f6nhet\u0151en a<em><strong> biztos\u00edt\u00e1si \u00fcgyn\u00f6ki \u00e9s br\u00f3keri tev\u00e9kenys\u00e9get folytat\u00f3 v\u00e1llalkoz\u00e1sok (TE\u00c1OR 6622) sz\u00e1m\u00e1ra is megny\u00edlt a lehet\u0151s\u00e9g, hogy r\u00e9szt vegyenek a Sz\u00e9chenyi K\u00e1rtya Programban<\/strong><\/em>. A v\u00e1ltoz\u00e1s lehet\u0151v\u00e9 teszi sz\u00e1mukra, hogy kedvezm\u00e9nyes, \u00e1llamilag t\u00e1mogatott hitelekhez jussanak \u2013 amire kor\u00e1bban nem volt lehet\u0151s\u00e9g\u00fck.<\/p><\/div>\r\n        <\/div>\r\n    <\/div>\r\n        <\/div>\r\n            <div class=\"col-md-6 inline-col feed-item\">\r\n            <div class=\"clearfix\">\r\n        <div class=\"img\">\r\n            <a  href=\"https:\/\/vmkik.positive.hu\/hirek\/haladekot-kapnak-a-kkv-k-az-esg-jelentes-alol\">\r\n                <img class=\"img-responsive img-center\" src=\"\/uploads\/feed_items\/small-esg-17428163780301.jpg\" alt=\"Halad\u00e9kot kapnak a kkv-k az ESG-jelent\u00e9s al\u00f3l\">\r\n            <\/a>\r\n        <\/div>\r\n        <div class=\"info\">\r\n            <div class=\"title\"><a  href=\"https:\/\/vmkik.positive.hu\/hirek\/haladekot-kapnak-a-kkv-k-az-esg-jelentes-alol\">Halad\u00e9kot kapnak a kkv-k az ESG-jelent\u00e9s al\u00f3l<\/a><\/div>\r\n                            <ul class=\"categories\">\r\n                                            <li><a style=\"background: #5c299e; color: #ffffff\" href=\"https:\/\/vmkik.positive.hu\/hirek\/hirek\">H\u00edrek<\/a><\/li>\r\n                                        <li><span class=\"public-at\">2025. m\u00e1rcius 24.<\/span><\/li>\r\n                <\/ul>\r\n                        <div class=\"desc\"><p>A korm\u00e1ny javaslata alapj\u00e1n a hazai kkv-k 2027 k\u00f6zep\u00e9ig mentes\u00fclhetnek minden ESG adatszolg\u00e1ltat\u00e1si k\u00f6telezetts\u00e9g al\u00f3l, m\u00edg a nagyv\u00e1llalatok els\u0151 tan\u00fas\u00edtott jelent\u00e9se 2028-ban v\u00e1lik esed\u00e9kess\u00e9. A c\u00e9l az adminisztr\u00e1ci\u00f3 cs\u00f6kkent\u00e9se \u00e9s a fokozatos felk\u00e9sz\u00fcl\u00e9s t\u00e1mogat\u00e1sa.<\/p><\/div>\r\n        <\/div>\r\n    <\/div>\r\n        <\/div>\r\n            <div class=\"col-md-6 inline-col feed-item\">\r\n            <div class=\"clearfix\">\r\n        <div class=\"img\">\r\n            <a  href=\"https:\/\/vmkik.positive.hu\/hirek\/palyazat\">\r\n                <img class=\"img-responsive img-center\" src=\"\/uploads\/feed_items\/small-images-1-17428054520897.jpg\" alt=\"\u00c9rt\u00e9k \u00e9s Min\u0151s\u00e9g Nagyd\u00edj- P\u00e1ly\u00e1zat\">\r\n            <\/a>\r\n        <\/div>\r\n        <div class=\"info\">\r\n            <div class=\"title\"><a  href=\"https:\/\/vmkik.positive.hu\/hirek\/palyazat\">\u00c9rt\u00e9k \u00e9s Min\u0151s\u00e9g Nagyd\u00edj- P\u00e1ly\u00e1zat<\/a><\/div>\r\n                            <ul class=\"categories\">\r\n                                            <li><a style=\"background: #5c299e; color: #ffffff\" href=\"https:\/\/vmkik.positive.hu\/hirek\/hirek\">H\u00edrek<\/a><\/li>\r\n                                            <li><a style=\"background: #299e9e; color: #ffffff\" href=\"https:\/\/vmkik.positive.hu\/hirek\/palyazatok\">P\u00e1ly\u00e1zatok<\/a><\/li>\r\n                                        <li><span class=\"public-at\">2025. m\u00e1rcius 24.<\/span><\/li>\r\n                <\/ul>\r\n                        <div class=\"desc\"><p style=\"text-align:justify\">A gazdas\u00e1g \u00e9s a kult\u00fara ter\u00fclet\u00e9t \u00e9rint\u0151 <strong>45 f\u0151csoport t\u00f6bb, mint 100 t\u00e9mak\u00f6r\u00e9ben hirdett\u00e9k meg az idei <\/strong><a href=\"https:\/\/www.emin.hu\/palyazati-rendszer\/palyazati-dokumentacio\"><strong>\u00c9rt\u00e9k \u00e9s Min\u0151s\u00e9g Nagyd\u00edj P\u00e1ly\u00e1zatot<\/strong><\/a>. A legkiv\u00e1l\u00f3bb term\u00e9kek \u00e9s szolg\u00e1ltat\u00e1sok verseny\u00e9re m\u00e1jus 29-\u00e9ig lehet jelentkezni a K\u00e1rp\u00e1t-r\u00e9gi\u00f3 eg\u00e9sz ter\u00fclet\u00e9r\u0151l \u2013 jelentette be az \u00c9rt\u00e9k \u00e9s Min\u0151s\u00e9g Nagyd\u00edj P\u00e1ly\u00e1zat Ki\u00edr\u00f3i Tan\u00e1csa.<\/p><\/div>\r\n        <\/div>\r\n    <\/div>\r\n        <\/div>\r\n            <div class=\"col-md-6 inline-col feed-item\">\r\n            <div class=\"clearfix\">\r\n        <div class=\"img\">\r\n            <a  href=\"https:\/\/vmkik.positive.hu\/hirek\/figyelmeztetes-a-kivitelezoknek-lajart-a-hatarido\">\r\n                <img class=\"img-responsive img-center\" src=\"\/uploads\/feed_items\/small-epuletszigeteles-2-17425553622627.jpg\" alt=\"Figyelmeztet\u00e9s a kivitelez\u0151knek: lej\u00e1rt a hat\u00e1rid\u0151!\">\r\n            <\/a>\r\n        <\/div>\r\n        <div class=\"info\">\r\n            <div class=\"title\"><a  href=\"https:\/\/vmkik.positive.hu\/hirek\/figyelmeztetes-a-kivitelezoknek-lajart-a-hatarido\">Figyelmeztet\u00e9s a kivitelez\u0151knek: lej\u00e1rt a hat\u00e1rid\u0151!<\/a><\/div>\r\n                            <ul class=\"categories\">\r\n                                            <li><a style=\"background: #5c299e; color: #ffffff\" href=\"https:\/\/vmkik.positive.hu\/hirek\/hirek\">H\u00edrek<\/a><\/li>\r\n                                        <li><span class=\"public-at\">2025. m\u00e1rcius 21.<\/span><\/li>\r\n                <\/ul>\r\n                        <div class=\"desc\"><p style=\"text-align:justify\">A k\u00f6telez\u0151 kivitelez\u0151i felel\u0151ss\u00e9gbiztos\u00edt\u00e1s megk\u00f6t\u00e9s\u00e9nek hat\u00e1rideje 2025.janu\u00e1r 15-e volt, a k\u00f6tv\u00e9ny \u00e9s a hozz\u00e1 tartoz\u00f3 dokument\u00e1ci\u00f3k felt\u00f6lt\u00e9s\u00e9nek hat\u00e1rideje pedig janu\u00e1r 23-a. A Magyar Kereskedelmi \u00e9s Iparkamara (MKIK) megkezdte a k\u00f6tv\u00e9nyek megl\u00e9t\u00e9nek ellen\u0151rz\u00e9s\u00e9t \u00e9s \u00e9rtes\u00edt\u0151 levelet k\u00fcld\u00f6tt azon v\u00e1llalkoz\u00e1soknak, akik m\u00e9g nem t\u00f6lt\u00f6tt\u00e9k fel a kivitelez\u0151i nyilv\u00e1ntart\u00f3 rendszerbe a dokumentumokat.<\/p><\/div>\r\n        <\/div>\r\n    <\/div>\r\n        <\/div>\r\n            <div class=\"col-md-6 inline-col feed-item\">\r\n            <div class=\"clearfix\">\r\n        <div class=\"img\">\r\n            <a  href=\"https:\/\/vmkik.positive.hu\/hirek\/szakkepzesi-modszertani-segedlet-ii\">\r\n                <img class=\"img-responsive img-center\" src=\"\/uploads\/feed_items\/small-agazati-17425541510733.jpeg\" alt=\"Szakk\u00e9pz\u00e9si m\u00f3dszertani seg\u00e9dlet II.\">\r\n            <\/a>\r\n        <\/div>\r\n        <div class=\"info\">\r\n            <div class=\"title\"><a  href=\"https:\/\/vmkik.positive.hu\/hirek\/szakkepzesi-modszertani-segedlet-ii\">Szakk\u00e9pz\u00e9si m\u00f3dszertani seg\u00e9dlet II.<\/a><\/div>\r\n                            <ul class=\"categories\">\r\n                                            <li><a style=\"background: #9e2961; color: #ffffff\" href=\"https:\/\/vmkik.positive.hu\/hirek\/uton-a-szakmak-vilagaban\">Szakk\u00e9pz\u00e9s<\/a><\/li>\r\n                                            <li><a style=\"background: #5c299e; color: #ffffff\" href=\"https:\/\/vmkik.positive.hu\/hirek\/hirek\">H\u00edrek<\/a><\/li>\r\n                                        <li><span class=\"public-at\">2025. m\u00e1rcius 21.<\/span><\/li>\r\n                <\/ul>\r\n                        <div class=\"desc\"><p style=\"text-align:justify\">Az \u00e1gazati k\u00e9szs\u00e9gtan\u00e1csok 2024-es programelemei k\u00f6z\u00fcl az egyik meghat\u00e1roz\u00f3 feladat volt a szakmai kerekasztal rendezv\u00e9nyek lebonyol\u00edt\u00e1sa \u201eTanul\u00f3i motiv\u00e1ci\u00f3 \u00e9s \u00f6szt\u00f6nz\u00e9s a du\u00e1lis k\u00e9pz\u00e9sben\u201d c\u00edmmel.<\/p><\/div>\r\n        <\/div>\r\n    <\/div>\r\n        <\/div>\r\n            <div class=\"col-md-6 inline-col feed-item\">\r\n            <div class=\"clearfix\">\r\n        <div class=\"img\">\r\n            <a  href=\"https:\/\/vmkik.positive.hu\/hirek\/iden-is-palyazhato-a-kkv-alap\">\r\n                <img class=\"img-responsive img-center\" src=\"\/uploads\/feed_items\/small-small-kkv-tamogatas-520x320-hu-pp-nagyobb-17425539102243.png\" alt=\"Id\u00e9n is p\u00e1ly\u00e1zhat\u00f3 a Kkv-alap!\">\r\n            <\/a>\r\n        <\/div>\r\n        <div class=\"info\">\r\n            <div class=\"title\"><a  href=\"https:\/\/vmkik.positive.hu\/hirek\/iden-is-palyazhato-a-kkv-alap\">Id\u00e9n is p\u00e1ly\u00e1zhat\u00f3 a Kkv-alap!<\/a><\/div>\r\n                            <ul class=\"categories\">\r\n                                            <li><a style=\"background: #5c299e; color: #ffffff\" href=\"https:\/\/vmkik.positive.hu\/hirek\/hirek\">H\u00edrek<\/a><\/li>\r\n                                            <li><a style=\"background: #9e6f29; color: #ffffff\" href=\"https:\/\/vmkik.positive.hu\/hirek\/gazdasagfejlesztes\">Gazdas\u00e1gfejleszt\u00e9s<\/a><\/li>\r\n                                            <li><a style=\"background: #2a299e; color: #ffffff\" href=\"https:\/\/vmkik.positive.hu\/hirek\/europe-direct\">Europe Direct<\/a><\/li>\r\n                                            <li><a style=\"background: #299e9e; color: #ffffff\" href=\"https:\/\/vmkik.positive.hu\/hirek\/palyazatok\">P\u00e1ly\u00e1zatok<\/a><\/li>\r\n                                        <li><span class=\"public-at\">2025. m\u00e1rcius 21.<\/span><\/li>\r\n                <\/ul>\r\n                        <div class=\"desc\"><p style=\"text-align:justify\">Az Ideas Powered for business kkv-alap egy olyan t\u00e1mogat\u00e1si program, amelynek c\u00e9lja, hogy seg\u00edtse az uni\u00f3s sz\u00e9khely\u0171 kis- \u00e9s k\u00f6z\u00e9pv\u00e1llalkoz\u00e1sokat (kkv-kat) szellemi tulajdonjogaik v\u00e9delm\u00e9ben. A kkv\u2011alap az Eur\u00f3pai Bizotts\u00e1g kezdem\u00e9nyez\u00e9se, amelyet az Eur\u00f3pai Uni\u00f3 Szellemi Tulajdoni Hivatala (EUIPO) hajt v\u00e9gre, \u00e9s amely 2025. febru\u00e1r 3. \u00e9s 2025. december 5.<\/p><\/div>\r\n        <\/div>\r\n    <\/div>\r\n        <\/div>\r\n            <div class=\"col-md-6 inline-col feed-item\">\r\n            <div class=\"clearfix\">\r\n        <div class=\"img\">\r\n            <a  href=\"https:\/\/vmkik.positive.hu\/hirek\/szazadveg-vallalati-konjunkturat-erinto-felmerese\">\r\n                <img class=\"img-responsive img-center\" src=\"\/uploads\/feed_items\/small-konjunktura-17425488972647.jpg\" alt=\"Sz\u00e1zadv\u00e9g v\u00e1llalati konjunkt\u00far\u00e1t \u00e9rint\u0151 felm\u00e9r\u00e9se\">\r\n            <\/a>\r\n        <\/div>\r\n        <div class=\"info\">\r\n            <div class=\"title\"><a  href=\"https:\/\/vmkik.positive.hu\/hirek\/szazadveg-vallalati-konjunkturat-erinto-felmerese\">Sz\u00e1zadv\u00e9g v\u00e1llalati konjunkt\u00far\u00e1t \u00e9rint\u0151 felm\u00e9r\u00e9se<\/a><\/div>\r\n                            <ul class=\"categories\">\r\n                                            <li><a style=\"background: #5c299e; color: #ffffff\" href=\"https:\/\/vmkik.positive.hu\/hirek\/hirek\">H\u00edrek<\/a><\/li>\r\n                                            <li><a style=\"background: #9e6f29; color: #ffffff\" href=\"https:\/\/vmkik.positive.hu\/hirek\/gazdasagfejlesztes\">Gazdas\u00e1gfejleszt\u00e9s<\/a><\/li>\r\n                                        <li><span class=\"public-at\">2025. m\u00e1rcius 21.<\/span><\/li>\r\n                <\/ul>\r\n                        <div class=\"desc\"><p style=\"text-align:justify\">A <a href=\"https:\/\/szazadveg.hu\/\"><strong>Sz\u00e1zadv\u00e9g<\/strong><\/a> leg\u00fajabb felm\u00e9r\u00e9se&nbsp;szerint a kis- \u00e9s k\u00f6z\u00e9pv\u00e1llalkoz\u00e1sok <strong>60%-a tervez beruh\u00e1z\u00e1sokat,<\/strong> \u00e9s \u00e9rz\u00e9kelik a kereslet n\u00f6veked\u00e9s\u00e9t. <strong>A <\/strong><a href=\"https:\/\/infostart.hu\/gazdasag\/2025\/03\/18\/szazadveg-mar-tobb-kkv-beruhazna-de-nem-hitelbol-nagy-marton-szerint-a-bankoknak-is-cselekednie-kellene\"><strong>nemzetgazdas\u00e1gi miniszter k\u00f6z\u00f6lte<\/strong><\/a><strong>, a c\u00e9gek a beruh\u00e1z\u00e1saikat nem hitelb\u0151l, hanem saj\u00e1t t\u0151k\u00e9b\u0151l fedezn\u00e9k, a bankoknak \u00e9ppen ez\u00e9rt fordulatot kell el\u00e9rni\u00fck a v\u00e1llalati hitelez\u00e9sben.<\/strong><\/p><\/div>\r\n        <\/div>\r\n    <\/div>\r\n        <\/div>\r\n    <\/div>\r\n\r\n<ul class=\"pagination\">\r\n                    <li class=\"left\"><a href=\"https:\/\/vmkik.positive.hu\/api\/feeds\/page?page=115\" rel=\"prev\"><span class=\"icon icon-arrow-flat-left\"><\/span><\/a><\/li>\r\n        \r\n                    \r\n                                                                        <li><a href=\"https:\/\/vmkik.positive.hu\/api\/feeds\/page?page=1\">01<\/a><\/li>\r\n                                                                                <li><a href=\"https:\/\/vmkik.positive.hu\/api\/feeds\/page?page=2\">02<\/a><\/li>\r\n                                                                                    <li class=\"disabled\"><span>...<\/span><\/li>\r\n            \r\n                                \r\n                                                                        <li><a href=\"https:\/\/vmkik.positive.hu\/api\/feeds\/page?page=113\">113<\/a><\/li>\r\n                                                                                <li><a href=\"https:\/\/vmkik.positive.hu\/api\/feeds\/page?page=114\">114<\/a><\/li>\r\n                                                                                <li><a href=\"https:\/\/vmkik.positive.hu\/api\/feeds\/page?page=115\">115<\/a><\/li>\r\n                                                                                <li class=\"active\"><span>116<\/span><\/li>\r\n                                                                                <li><a href=\"https:\/\/vmkik.positive.hu\/api\/feeds\/page?page=117\">117<\/a><\/li>\r\n                                                                                <li><a href=\"https:\/\/vmkik.positive.hu\/api\/feeds\/page?page=118\">118<\/a><\/li>\r\n                                                                                <li><a href=\"https:\/\/vmkik.positive.hu\/api\/feeds\/page?page=119\">119<\/a><\/li>\r\n                                                                                    <li class=\"disabled\"><span>...<\/span><\/li>\r\n            \r\n                                \r\n                                                                        <li><a href=\"https:\/\/vmkik.positive.hu\/api\/feeds\/page?page=503\">503<\/a><\/li>\r\n                                                                                <li><a href=\"https:\/\/vmkik.positive.hu\/api\/feeds\/page?page=504\">504<\/a><\/li>\r\n                                                        \r\n                    <li class=\"right\"><a href=\"https:\/\/vmkik.positive.hu\/api\/feeds\/page?page=117\" rel=\"next\"><span class=\"icon icon-arrow-flat-right\"><\/span><\/a><\/li>\r\n            <\/ul>\r\n\r\n","page":"116"}