{"content":"<div class=\"row inline-row\">\r\n                <div class=\"col-md-6 inline-col feed-item\">\r\n            <div class=\"clearfix\">\r\n        <div class=\"img\">\r\n            <a  href=\"https:\/\/vmkik.positive.hu\/hirek\/gyok-vizsgabizottsagi-elnokok-es-tagok-orszagos-nevjegyzek-palyazat\">\r\n                <img class=\"img-responsive img-center\" src=\"\/uploads\/feed_items\/small-figelem-17879106411866.jpg\" alt=\"GYOK Vizsgabizotts\u00e1gi Eln\u00f6k\u00f6k \u00e9s Tagok Orsz\u00e1gos N\u00e9vjegyz\u00e9k - p\u00e1ly\u00e1zat\">\r\n            <\/a>\r\n        <\/div>\r\n        <div class=\"info\">\r\n            <div class=\"title\"><a  href=\"https:\/\/vmkik.positive.hu\/hirek\/gyok-vizsgabizottsagi-elnokok-es-tagok-orszagos-nevjegyzek-palyazat\">GYOK Vizsgabizotts\u00e1gi Eln\u00f6k\u00f6k \u00e9s Tagok Orsz\u00e1gos N\u00e9vjegyz\u00e9k - p\u00e1ly\u00e1zat<\/a><\/div>\r\n                            <ul class=\"categories\">\r\n                                            <li><a style=\"background: #9e2961; color: #ffffff\" href=\"https:\/\/vmkik.positive.hu\/hirek\/uton-a-szakmak-vilagaban\">Szakk\u00e9pz\u00e9s<\/a><\/li>\r\n                                            <li><a style=\"background: #5c299e; color: #ffffff\" href=\"https:\/\/vmkik.positive.hu\/hirek\/hirek\">H\u00edrek<\/a><\/li>\r\n                                            <li><a style=\"background: #2a299e; color: #ffffff\" href=\"https:\/\/vmkik.positive.hu\/hirek\/gyakorlati-oktatoi-kepzes\">Gyakorlati Oktat\u00f3i K\u00e9pz\u00e9s<\/a><\/li>\r\n                                        <li><span class=\"public-at\">2026. augusztus 28.<\/span><\/li>\r\n                <\/ul>\r\n                        <div class=\"desc\"><p>A Magyar Kereskedelmi \u00e9s Iparkamara p\u00e1ly\u00e1zatot hirdet a Kamarai Gyakorlati Oktat\u00f3i Vizsgabizotts\u00e1gi Eln\u00f6k\u00f6k \u00e9s Tagok Orsz\u00e1gos N\u00e9vjegyz\u00e9k\u00e9be t\u00f6rt\u00e9n\u0151 felv\u00e9telre. Akik m\u00e1r szerepelnek a N\u00e9vjegyz\u00e9kben, azok k\u00e9rhetik annak meghosszabb\u00edt\u00e1s\u00e1t. Tov\u00e1bbi pontos r\u00e9szletek a mell\u00e9kelt p\u00e1ly\u00e1zati ki\u00edr\u00e1sban olvasdhat\u00f3k.<\/p><\/div>\r\n        <\/div>\r\n    <\/div>\r\n        <\/div>\r\n            <div class=\"col-md-6 inline-col feed-item\">\r\n            <div class=\"clearfix\">\r\n        <div class=\"img\">\r\n            <a  href=\"https:\/\/vmkik.positive.hu\/hirek\/aszf-panaszkezeles-jotallas-on-biztos-a-dolgaban-kerdezzen-teritesmentesen-jogi-szakertoinktol\">\r\n                <img class=\"img-responsive img-center\" src=\"\/uploads\/feed_items\/small-7838569123754666-n-17878338900111.jpg\" alt=\"\u00c1SZF, panaszkezel\u00e9s, j\u00f3t\u00e1ll\u00e1s: \u00d6n biztos a dolg\u00e1ban?  K\u00e9rdezzen t\u00e9r\u00edt\u00e9smentesen jogi szak\u00e9rt\u0151inkt\u0151l!\">\r\n            <\/a>\r\n        <\/div>\r\n        <div class=\"info\">\r\n            <div class=\"title\"><a  href=\"https:\/\/vmkik.positive.hu\/hirek\/aszf-panaszkezeles-jotallas-on-biztos-a-dolgaban-kerdezzen-teritesmentesen-jogi-szakertoinktol\">\u00c1SZF, panaszkezel\u00e9s, j\u00f3t\u00e1ll\u00e1s: \u00d6n biztos a dolg\u00e1ban?  K\u00e9rdezzen t\u00e9r\u00edt\u00e9smentesen jogi szak\u00e9rt\u0151inkt\u0151l!<\/a><\/div>\r\n                            <ul class=\"categories\">\r\n                                            <li><a style=\"background: #5c299e; color: #ffffff\" href=\"https:\/\/vmkik.positive.hu\/hirek\/hirek\">H\u00edrek<\/a><\/li>\r\n                                            <li><a style=\"background: #8f9e29; color: #ffffff\" href=\"https:\/\/vmkik.positive.hu\/hirek\/vallalkozasfejlesztesi-projekt\">V\u00e1llalkoz\u00e1sfejleszt\u00e9si projekt<\/a><\/li>\r\n                                        <li><span class=\"public-at\">2026. augusztus 27.<\/span><\/li>\r\n                <\/ul>\r\n                        <div class=\"desc\"><p>El\u00e9g lehet egy elavult \u00c1SZF, egy k\u00e9sve megv\u00e1laszolt v\u00e1s\u00e1rl\u00f3i panasz vagy egy pontatlan web\u00e1ruh\u00e1zi t\u00e1j\u00e9koztat\u00e1s ahhoz, hogy egy v\u00e1llalkoz\u00e1s fogyaszt\u00f3v\u00e9delmi elj\u00e1r\u00e1ssal, ak\u00e1r b\u00edrs\u00e1ggal szembes\u00fclj\u00f6n.&nbsp;<strong>DE HONNAN TUDHATJA EGY V\u00c1LLALKOZ\u00c1S, HOGY VAL\u00d3BAN MINDEN RENDBEN VAN?&nbsp;<\/strong>Ehhez ny\u00fajt gyakorlati seg\u00edts\u00e9get a Magyar Kereskedelmi \u00e9s Iparkamara a kis- \u00e9s k\u00f6z\u00e9pv\u00e1llalkoz\u00e1sok sz\u00e1m\u00e1ra el\u00e9rhet\u0151 t\u00e9r\u00edt\u00e9smentes fogyaszt\u00f3v\u00e9delmi jogi tan\u00e1csad\u00e1sa.<\/p><\/div>\r\n        <\/div>\r\n    <\/div>\r\n        <\/div>\r\n            <div class=\"col-md-6 inline-col feed-item\">\r\n            <div class=\"clearfix\">\r\n        <div class=\"img\">\r\n            <a  href=\"https:\/\/vmkik.positive.hu\/hirek\/szeptember-elsejen-indul-a-szelenergia-palyazat\">\r\n                <img class=\"img-responsive img-center\" src=\"\/uploads\/feed_items\/small-szelenergia-1787822119598.jpg\" alt=\"Szeptember elsej\u00e9n indul a sz\u00e9lenergia p\u00e1ly\u00e1zat\">\r\n            <\/a>\r\n        <\/div>\r\n        <div class=\"info\">\r\n            <div class=\"title\"><a  href=\"https:\/\/vmkik.positive.hu\/hirek\/szeptember-elsejen-indul-a-szelenergia-palyazat\">Szeptember elsej\u00e9n indul a sz\u00e9lenergia p\u00e1ly\u00e1zat<\/a><\/div>\r\n                            <ul class=\"categories\">\r\n                                            <li><a style=\"background: #5c299e; color: #ffffff\" href=\"https:\/\/vmkik.positive.hu\/hirek\/hirek\">H\u00edrek<\/a><\/li>\r\n                                            <li><a style=\"background: #299e9e; color: #ffffff\" href=\"https:\/\/vmkik.positive.hu\/hirek\/palyazatok\">P\u00e1ly\u00e1zatok<\/a><\/li>\r\n                                        <li><span class=\"public-at\">2026. augusztus 27.<\/span><\/li>\r\n                <\/ul>\r\n                        <div class=\"desc\"><p>A Magyar Energetikai \u00e9s K\u00f6zm\u0171-szab\u00e1lyoz\u00e1si Hivatal (MEKH) a tervek szerint a h\u00f3nap v\u00e9g\u00e9ig ki\u00edrja az els\u0151, <strong>legal\u00e1bb 700 MW kapacit\u00e1sra<\/strong> vonatkoz\u00f3 p\u00e1ly\u00e1zat\u00e1t. Ezt a k\u00f6vetkez\u0151 n\u00e9gy \u00e9vben tov\u00e1bbi <strong>400 MW-os<\/strong> b\u0151v\u00edt\u00e9s k\u00f6veti majd.<\/p><\/div>\r\n        <\/div>\r\n    <\/div>\r\n        <\/div>\r\n            <div class=\"col-md-6 inline-col feed-item\">\r\n            <div class=\"clearfix\">\r\n        <div class=\"img\">\r\n            <a  href=\"https:\/\/vmkik.positive.hu\/hirek\/iparjog-palyazat-iden-meg-harom-alkalommal-nyujthatok-be-a-kerelmek\">\r\n                <img class=\"img-responsive img-center\" src=\"\/uploads\/feed_items\/small-szellemi-tulajdon2-17878201627581.jpg\" alt=\"Iparjog p\u00e1ly\u00e1zat - id\u00e9n m\u00e9g h\u00e1rom alkalommal ny\u00fajthat\u00f3k be a k\u00e9relmek\">\r\n            <\/a>\r\n        <\/div>\r\n        <div class=\"info\">\r\n            <div class=\"title\"><a  href=\"https:\/\/vmkik.positive.hu\/hirek\/iparjog-palyazat-iden-meg-harom-alkalommal-nyujthatok-be-a-kerelmek\">Iparjog p\u00e1ly\u00e1zat - id\u00e9n m\u00e9g h\u00e1rom alkalommal ny\u00fajthat\u00f3k be a k\u00e9relmek<\/a><\/div>\r\n                            <ul class=\"categories\">\r\n                                            <li><a style=\"background: #5c299e; color: #ffffff\" href=\"https:\/\/vmkik.positive.hu\/hirek\/hirek\">H\u00edrek<\/a><\/li>\r\n                                            <li><a style=\"background: #299e9e; color: #ffffff\" href=\"https:\/\/vmkik.positive.hu\/hirek\/palyazatok\">P\u00e1ly\u00e1zatok<\/a><\/li>\r\n                                        <li><span class=\"public-at\">2026. augusztus 27.<\/span><\/li>\r\n                <\/ul>\r\n                        <div class=\"desc\"><p>2026-ban is elindult az iparjogv\u00e9delmi aktivit\u00e1s n\u00f6vel\u00e9s\u00e9t c\u00e9lz\u00f3, vissza nem t\u00e9r\u00edtend\u0151 t\u00e1mogat\u00e1st ny\u00fajt\u00f3 Iparjog p\u00e1ly\u00e1zat a Nemzeti Kutat\u00e1si, Fejleszt\u00e9si \u00e9s Innov\u00e1ci\u00f3s Hivataln\u00e1l (NKFIH).<\/p><\/div>\r\n        <\/div>\r\n    <\/div>\r\n        <\/div>\r\n            <div class=\"col-md-6 inline-col feed-item\">\r\n            <div class=\"clearfix\">\r\n        <div class=\"img\">\r\n            <a  href=\"https:\/\/vmkik.positive.hu\/hirek\/ujabb-videoval-segiti-az-adohivatal-a-vallalkozasok-felkeszuleset-a-szeptember-1-jen-indulo-nyugtaadat-szolgaltatasra\">\r\n                <img class=\"img-responsive img-center\" src=\"\/uploads\/feed_items\/small-nav-2-17877481513197.jpg\" alt=\"\u00dajabb vide\u00f3val seg\u00edti az ad\u00f3hivatal a v\u00e1llalkoz\u00e1sok felk\u00e9sz\u00fcl\u00e9s\u00e9t a szeptember 1-j\u00e9n indul\u00f3 nyugtaadat-szolg\u00e1ltat\u00e1sra\">\r\n            <\/a>\r\n        <\/div>\r\n        <div class=\"info\">\r\n            <div class=\"title\"><a  href=\"https:\/\/vmkik.positive.hu\/hirek\/ujabb-videoval-segiti-az-adohivatal-a-vallalkozasok-felkeszuleset-a-szeptember-1-jen-indulo-nyugtaadat-szolgaltatasra\">\u00dajabb vide\u00f3val seg\u00edti az ad\u00f3hivatal a v\u00e1llalkoz\u00e1sok felk\u00e9sz\u00fcl\u00e9s\u00e9t a szeptember 1-j\u00e9n indul\u00f3 nyugtaadat-szolg\u00e1ltat\u00e1sra<\/a><\/div>\r\n                            <ul class=\"categories\">\r\n                                            <li><a style=\"background: #5c299e; color: #ffffff\" href=\"https:\/\/vmkik.positive.hu\/hirek\/hirek\">H\u00edrek<\/a><\/li>\r\n                                            <li><a style=\"background: #64299e; color: #ffffff\" href=\"https:\/\/vmkik.positive.hu\/hirek\/vallalkozo-vagyok\">V\u00e1llalkoz\u00f3 vagyok<\/a><\/li>\r\n                                        <li><span class=\"public-at\">2026. augusztus 26.<\/span><\/li>\r\n                <\/ul>\r\n                        <div class=\"desc\"><p>A <a href=\"https:\/\/www.youtube.com\/watch?v=iuVT5oVxtjc\" target=\"_blank\">vide\u00f3ban<\/a> azoknak mutatj\u00e1k be l\u00e9p\u00e9sr\u0151l l\u00e9p\u00e9sre az adatok k\u00e9zi r\u00f6gz\u00edt\u00e9s\u00e9t, akik tov\u00e1bbra is klasszikus, k\u00e9zzel kit\u00f6lt\u00f6tt nyugtat\u00f6mb\u00f6s pap\u00edrnyugt\u00e1t szeretn\u00e9k haszn\u00e1lni.<\/p><\/div>\r\n        <\/div>\r\n    <\/div>\r\n        <\/div>\r\n            <div class=\"col-md-6 inline-col feed-item\">\r\n            <div class=\"clearfix\">\r\n        <div class=\"img\">\r\n            <a  href=\"https:\/\/vmkik.positive.hu\/hirek\/a-vas-varmegyei-szakkepzesi-centrum-ingyenes-felnottkepzesei\">\r\n                <img class=\"img-responsive img-center\" src=\"\/uploads\/feed_items\/small-images-2-17877472088483.jpg\" alt=\"A  Vas V\u00e1rmegyei Szakk\u00e9pz\u00e9si Centrum ingyenes feln\u0151ttk\u00e9pz\u00e9sei\">\r\n            <\/a>\r\n        <\/div>\r\n        <div class=\"info\">\r\n            <div class=\"title\"><a  href=\"https:\/\/vmkik.positive.hu\/hirek\/a-vas-varmegyei-szakkepzesi-centrum-ingyenes-felnottkepzesei\">A  Vas V\u00e1rmegyei Szakk\u00e9pz\u00e9si Centrum ingyenes feln\u0151ttk\u00e9pz\u00e9sei<\/a><\/div>\r\n                            <ul class=\"categories\">\r\n                                            <li><a style=\"background: #9e2961; color: #ffffff\" href=\"https:\/\/vmkik.positive.hu\/hirek\/uton-a-szakmak-vilagaban\">Szakk\u00e9pz\u00e9s<\/a><\/li>\r\n                                            <li><a style=\"background: #5c299e; color: #ffffff\" href=\"https:\/\/vmkik.positive.hu\/hirek\/hirek\">H\u00edrek<\/a><\/li>\r\n                                        <li><span class=\"public-at\">2026. augusztus 26.<\/span><\/li>\r\n                <\/ul>\r\n                        <div class=\"desc\"><p style=\"text-align:justify\">V\u00e1rmegyeszerte 6 helysz\u00ednen, k\u00f6zel 30 szakm\u00e1ban ind\u00edt ingyenes&nbsp;feln\u0151ttk\u00e9pz\u00e9st a Vas V\u00e1rmegyei Szakk\u00e9pz\u00e9s Centrum. A szakmai k\u00e9pz\u00e9sek megfelel\u0151 l\u00e9tsz\u00e1m\u00fa jelentkez\u0151 eset\u00e9n (minimum 15-20 f\u0151) indulnak, a jelentkez\u00e9seket online \u0171rlapon, 2026. szeptember 11-ig v\u00e1rj\u00e1k.<\/p>\r\n\r\n<p>&nbsp;<\/p>\r\n\r\n<p style=\"margin-left:0cm; margin-right:0cm; text-align:justify\">&nbsp;<\/p><\/div>\r\n        <\/div>\r\n    <\/div>\r\n        <\/div>\r\n            <div class=\"col-md-6 inline-col feed-item\">\r\n            <div class=\"clearfix\">\r\n        <div class=\"img\">\r\n            <a  href=\"https:\/\/vmkik.positive.hu\/hirek\/kozepiskolai-felveteli-naptar-20262027\">\r\n                <img class=\"img-responsive img-center\" src=\"\/uploads\/feed_items\/small-facebookra-felv-naptar-vmkik-26-27-17877465105777.jpg\" alt=\"K\u00f6z\u00e9piskolai Felv\u00e9teli Napt\u00e1r, Szakk\u00e9pz\u00e9si Kisokos \u2013 2026\/2027\">\r\n            <\/a>\r\n        <\/div>\r\n        <div class=\"info\">\r\n            <div class=\"title\"><a  href=\"https:\/\/vmkik.positive.hu\/hirek\/kozepiskolai-felveteli-naptar-20262027\">K\u00f6z\u00e9piskolai Felv\u00e9teli Napt\u00e1r, Szakk\u00e9pz\u00e9si Kisokos \u2013 2026\/2027<\/a><\/div>\r\n                            <ul class=\"categories\">\r\n                                            <li><a style=\"background: #9e2961; color: #ffffff\" href=\"https:\/\/vmkik.positive.hu\/hirek\/uton-a-szakmak-vilagaban\">Szakk\u00e9pz\u00e9s<\/a><\/li>\r\n                                            <li><a style=\"background: #5c299e; color: #ffffff\" href=\"https:\/\/vmkik.positive.hu\/hirek\/hirek\">H\u00edrek<\/a><\/li>\r\n                                            <li><a style=\"background: #80299e; color: #ffffff\" href=\"https:\/\/vmkik.positive.hu\/hirek\/palyaorientacio\">P\u00e1lyaorient\u00e1ci\u00f3<\/a><\/li>\r\n                                        <li><span class=\"public-at\">2026. augusztus 26.<\/span><\/li>\r\n                <\/ul>\r\n                        <div class=\"desc\"><p>Elk\u00e9sz\u00fcltek a&nbsp;p\u00e1lyav\u00e1laszt\u00e1st seg\u00edt\u0151 kiadv\u00e1nyaink: a K\u00f6z\u00e9piskolai Felv\u00e9teli Napt\u00e1r \u00e9s a Szakk\u00e9pz\u00e9si Kisokos, mely a legfontosabb hat\u00e1rid\u0151ket, inform\u00e1ci\u00f3kat tartalmazz\u00e1k egy helyen.<\/p><\/div>\r\n        <\/div>\r\n    <\/div>\r\n        <\/div>\r\n            <div class=\"col-md-6 inline-col feed-item\">\r\n            <div class=\"clearfix\">\r\n        <div class=\"img\">\r\n            <a  href=\"https:\/\/vmkik.positive.hu\/hirek\/hat-varosban-folytatodik-osszel-az-orszagos-kamarai-beszallitoi-program\">\r\n                <img class=\"img-responsive img-center\" src=\"\/uploads\/feed_items\/small-illusztracios-kep-pexels13-1787647661293.jpg\" alt=\"Hat v\u00e1rosban folytat\u00f3dik \u0151sszel az Orsz\u00e1gos Kamarai Besz\u00e1ll\u00edt\u00f3i Program\">\r\n            <\/a>\r\n        <\/div>\r\n        <div class=\"info\">\r\n            <div class=\"title\"><a  href=\"https:\/\/vmkik.positive.hu\/hirek\/hat-varosban-folytatodik-osszel-az-orszagos-kamarai-beszallitoi-program\">Hat v\u00e1rosban folytat\u00f3dik \u0151sszel az Orsz\u00e1gos Kamarai Besz\u00e1ll\u00edt\u00f3i Program<\/a><\/div>\r\n                            <ul class=\"categories\">\r\n                                            <li><a style=\"background: #5c299e; color: #ffffff\" href=\"https:\/\/vmkik.positive.hu\/hirek\/hirek\">H\u00edrek<\/a><\/li>\r\n                                            <li><a style=\"background: #9e6f29; color: #ffffff\" href=\"https:\/\/vmkik.positive.hu\/hirek\/gazdasagfejlesztes\">Gazdas\u00e1gfejleszt\u00e9s<\/a><\/li>\r\n                                            <li><a style=\"background: #8f9e29; color: #ffffff\" href=\"https:\/\/vmkik.positive.hu\/hirek\/vallalkozasfejlesztesi-projekt\">V\u00e1llalkoz\u00e1sfejleszt\u00e9si projekt<\/a><\/li>\r\n                                        <li><span class=\"public-at\">2026. augusztus 25.<\/span><\/li>\r\n                <\/ul>\r\n                        <div class=\"desc\"><p><strong>\u0150sszel B\u00e9k\u00e9scsab\u00e1n, Miskolcon, Debrecenben, Szeksz\u00e1rdon, Budapesten \u00e9s Sz\u00e9kesfeh\u00e9rv\u00e1ron tal\u00e1lkozhatnak a hazai kis- \u00e9s k\u00f6z\u00e9pv\u00e1llalkoz\u00e1sok a r\u00e9gi\u00f3 meghat\u00e1roz\u00f3 nagyv\u00e1llalataival az Orsz\u00e1gos Kamarai Besz\u00e1ll\u00edt\u00f3i Programban. A hi\u00e1nyp\u00f3tl\u00f3 f\u00f3rumsorozat k\u00f6zvetlen \u00fczleti t\u00e1rgyal\u00e1sokat, piacb\u0151v\u00edt\u00e9st \u00e9s besz\u00e1ll\u00edt\u00f3i felk\u00e9sz\u00fcl\u00e9st biztos\u00edt a r\u00e9sztvev\u0151 kkv-k sz\u00e1m\u00e1ra.<\/strong><\/p><\/div>\r\n        <\/div>\r\n    <\/div>\r\n        <\/div>\r\n    <\/div>\r\n\r\n<ul class=\"pagination\">\r\n                    <li class=\"left\"><a href=\"https:\/\/vmkik.positive.hu\/api\/feeds\/page?page=1\" rel=\"prev\"><span class=\"icon icon-arrow-flat-left\"><\/span><\/a><\/li>\r\n        \r\n                    \r\n                                                                        <li><a href=\"https:\/\/vmkik.positive.hu\/api\/feeds\/page?page=1\">01<\/a><\/li>\r\n                                                                                <li class=\"active\"><span>02<\/span><\/li>\r\n                                                                                <li><a href=\"https:\/\/vmkik.positive.hu\/api\/feeds\/page?page=3\">03<\/a><\/li>\r\n                                                                                <li><a href=\"https:\/\/vmkik.positive.hu\/api\/feeds\/page?page=4\">04<\/a><\/li>\r\n                                                                                <li><a href=\"https:\/\/vmkik.positive.hu\/api\/feeds\/page?page=5\">05<\/a><\/li>\r\n                                                                                <li><a href=\"https:\/\/vmkik.positive.hu\/api\/feeds\/page?page=6\">06<\/a><\/li>\r\n                                                                                <li><a href=\"https:\/\/vmkik.positive.hu\/api\/feeds\/page?page=7\">07<\/a><\/li>\r\n                                                                                <li><a href=\"https:\/\/vmkik.positive.hu\/api\/feeds\/page?page=8\">08<\/a><\/li>\r\n                                                                                    <li class=\"disabled\"><span>...<\/span><\/li>\r\n            \r\n                                \r\n                                                                        <li><a href=\"https:\/\/vmkik.positive.hu\/api\/feeds\/page?page=503\">503<\/a><\/li>\r\n                                                                                <li><a href=\"https:\/\/vmkik.positive.hu\/api\/feeds\/page?page=504\">504<\/a><\/li>\r\n                                                        \r\n                    <li class=\"right\"><a href=\"https:\/\/vmkik.positive.hu\/api\/feeds\/page?page=3\" rel=\"next\"><span class=\"icon icon-arrow-flat-right\"><\/span><\/a><\/li>\r\n            <\/ul>\r\n\r\n","page":"2"}