{"content":"<div class=\"row inline-row\">\r\n                <div class=\"col-md-6 inline-col feed-item\">\r\n            <div class=\"clearfix\">\r\n        <div class=\"img\">\r\n            <a  href=\"https:\/\/vmkik.positive.hu\/hirek\/legyen-az-on-vallalkozasa-is-vmkik-altal-ajanlott-vallalkozas\">\r\n                <img class=\"img-responsive img-center\" src=\"\/uploads\/feed_items\/small-vedjgy-1787644514226.jpg\" alt=\"Legyen az \u00d6n v\u00e1llalkoz\u00e1sa is \u201eVMKIK \u00e1ltal aj\u00e1nlott v\u00e1llalkoz\u00e1s\u201d!\">\r\n            <\/a>\r\n        <\/div>\r\n        <div class=\"info\">\r\n            <div class=\"title\"><a  href=\"https:\/\/vmkik.positive.hu\/hirek\/legyen-az-on-vallalkozasa-is-vmkik-altal-ajanlott-vallalkozas\">Legyen az \u00d6n v\u00e1llalkoz\u00e1sa is \u201eVMKIK \u00e1ltal aj\u00e1nlott v\u00e1llalkoz\u00e1s\u201d!<\/a><\/div>\r\n                            <ul class=\"categories\">\r\n                                            <li><a style=\"background: #5c299e; color: #ffffff\" href=\"https:\/\/vmkik.positive.hu\/hirek\/hirek\">H\u00edrek<\/a><\/li>\r\n                                            <li><a style=\"background: #2a299e; color: #ffffff\" href=\"https:\/\/vmkik.positive.hu\/hirek\/vedjegy\">V\u00e9djegy<\/a><\/li>\r\n                                        <li><span class=\"public-at\">2026. augusztus 25.<\/span><\/li>\r\n                <\/ul>\r\n                        <div class=\"desc\"><p>A bizalom ma az egyik legfontosabb \u00fczleti \u00e9rt\u00e9k. A <strong>\u201eVMKIK \u00e1ltal aj\u00e1nlott v\u00e1llalkoz\u00e1s\u201d v\u00e9djegy<\/strong> olyan v\u00e1llalkoz\u00e1sok k\u00f6z\u00f6ss\u00e9g\u00e9hez val\u00f3 tartoz\u00e1st jelent, amelyek sz\u00e1m\u00e1ra a hiteless\u00e9g, a szakmais\u00e1g, a min\u0151s\u00e9g \u00e9s az etikus \u00fczleti m\u0171k\u00f6d\u00e9s kiemelt \u00e9rt\u00e9k.<\/p><\/div>\r\n        <\/div>\r\n    <\/div>\r\n        <\/div>\r\n            <div class=\"col-md-6 inline-col feed-item\">\r\n            <div class=\"clearfix\">\r\n        <div class=\"img\">\r\n            <a  href=\"https:\/\/vmkik.positive.hu\/hirek\/sokan-nem-jelentik-be-alkalmi-munkavallalojukat\">\r\n                <img class=\"img-responsive img-center\" src=\"\/uploads\/feed_items\/small-images-1-17876424576752.jpg\" alt=\"Sokan nem jelentik be alkalmi munkav\u00e1llal\u00f3jukat\">\r\n            <\/a>\r\n        <\/div>\r\n        <div class=\"info\">\r\n            <div class=\"title\"><a  href=\"https:\/\/vmkik.positive.hu\/hirek\/sokan-nem-jelentik-be-alkalmi-munkavallalojukat\">Sokan nem jelentik be alkalmi munkav\u00e1llal\u00f3jukat<\/a><\/div>\r\n                            <ul class=\"categories\">\r\n                                            <li><a style=\"background: #5c299e; color: #ffffff\" href=\"https:\/\/vmkik.positive.hu\/hirek\/hirek\">H\u00edrek<\/a><\/li>\r\n                                        <li><span class=\"public-at\">2026. augusztus 25.<\/span><\/li>\r\n                <\/ul>\r\n                        <div class=\"desc\"><p style=\"text-align:justify\">N\u00e9pszer\u0171 az egyszer\u0171s\u00edtett foglalkoztat\u00e1s. J\u00faliusban t\u00f6bb mint 285 ezren dolgoztak \u00edgy. A kedvez\u0151 szab\u00e1lyok \u00e9s a s\u00falyos szankci\u00f3k ellen\u00e9re, sokan felejtik el bejelenteni alkalmi munkav\u00e1llal\u00f3jukat.<\/p><\/div>\r\n        <\/div>\r\n    <\/div>\r\n        <\/div>\r\n            <div class=\"col-md-6 inline-col feed-item\">\r\n            <div class=\"clearfix\">\r\n        <div class=\"img\">\r\n            <a  href=\"https:\/\/vmkik.positive.hu\/hirek\/tovabbi-vallalkozasok-elott-nyilhat-meg-a-szechenyi-kartya-program\">\r\n                <img class=\"img-responsive img-center\" src=\"\/uploads\/feed_items\/small-szechenyimax-17876413109083.jpg\" alt=\"Tov\u00e1bbi v\u00e1llalkoz\u00e1sok el\u0151tt ny\u00edlhat meg a Sz\u00e9chenyi K\u00e1rtya Program\">\r\n            <\/a>\r\n        <\/div>\r\n        <div class=\"info\">\r\n            <div class=\"title\"><a  href=\"https:\/\/vmkik.positive.hu\/hirek\/tovabbi-vallalkozasok-elott-nyilhat-meg-a-szechenyi-kartya-program\">Tov\u00e1bbi v\u00e1llalkoz\u00e1sok el\u0151tt ny\u00edlhat meg a Sz\u00e9chenyi K\u00e1rtya Program<\/a><\/div>\r\n                            <ul class=\"categories\">\r\n                                            <li><a style=\"background: #5c299e; color: #ffffff\" href=\"https:\/\/vmkik.positive.hu\/hirek\/hirek\">H\u00edrek<\/a><\/li>\r\n                                            <li><a style=\"background: #2a299e; color: #ffffff\" href=\"https:\/\/vmkik.positive.hu\/hirek\/szechenyi-kartya\">Sz\u00e9chenyi k\u00e1rtya<\/a><\/li>\r\n                                        <li><span class=\"public-at\">2026. augusztus 25.<\/span><\/li>\r\n                <\/ul>\r\n                        <div class=\"desc\"><p>A Sz\u00e9chenyi K\u00e1rtya Program h\u00e1rom hitelkonstrukci\u00f3ja imm\u00e1r a Garantiqa InvestEU Garanciaprogram keret\u00e9ben ny\u00fajtott kezess\u00e9gv\u00e1llal\u00e1ssal is el\u00e9rhet\u0151 a hazai kis- \u00e9s k\u00f6z\u00e9pv\u00e1llalkoz\u00e1sok sz\u00e1m\u00e1ra.<\/p><\/div>\r\n        <\/div>\r\n    <\/div>\r\n        <\/div>\r\n            <div class=\"col-md-6 inline-col feed-item\">\r\n            <div class=\"clearfix\">\r\n        <div class=\"img\">\r\n            <a  href=\"https:\/\/vmkik.positive.hu\/hirek\/europai-unios-ujsagiras-trening-palyakezdo-ujsagirok-szamara\">\r\n                <img class=\"img-responsive img-center\" src=\"\/uploads\/feed_items\/small-ujsagiroi-trening-17876408726793.jpg\" alt=\"Eur\u00f3pai uni\u00f3s \u00fajs\u00e1g\u00edr\u00e1s \u2013 Tr\u00e9ning p\u00e1lyakezd\u0151 \u00fajs\u00e1g\u00edr\u00f3k sz\u00e1m\u00e1ra\">\r\n            <\/a>\r\n        <\/div>\r\n        <div class=\"info\">\r\n            <div class=\"title\"><a  href=\"https:\/\/vmkik.positive.hu\/hirek\/europai-unios-ujsagiras-trening-palyakezdo-ujsagirok-szamara\">Eur\u00f3pai uni\u00f3s \u00fajs\u00e1g\u00edr\u00e1s \u2013 Tr\u00e9ning p\u00e1lyakezd\u0151 \u00fajs\u00e1g\u00edr\u00f3k sz\u00e1m\u00e1ra<\/a><\/div>\r\n                            <ul class=\"categories\">\r\n                                            <li><a style=\"background: #5c299e; color: #ffffff\" href=\"https:\/\/vmkik.positive.hu\/hirek\/hirek\">H\u00edrek<\/a><\/li>\r\n                                            <li><a style=\"background: #2a299e; color: #ffffff\" href=\"https:\/\/vmkik.positive.hu\/hirek\/europe-direct\">Europe Direct<\/a><\/li>\r\n                                        <li><span class=\"public-at\">2026. augusztus 25.<\/span><\/li>\r\n                <\/ul>\r\n                        <div class=\"desc\"><p style=\"text-align:justify\">Az Eur\u00f3pai Parlament Magyarorsz\u00e1gi Kapc\u200bsolattart\u00f3 Irod\u00e1ja 2026. okt\u00f3ber 15-17. k\u00f6z\u00f6tt 3 napos tr\u00e9ninget szervez p\u00e1lyakezd\u0151 \u00fajs\u00e1g\u00edr\u00f3k sz\u00e1m\u00e1ra Budapesten.<\/p><\/div>\r\n        <\/div>\r\n    <\/div>\r\n        <\/div>\r\n            <div class=\"col-md-6 inline-col feed-item\">\r\n            <div class=\"clearfix\">\r\n        <div class=\"img\">\r\n            <a  href=\"https:\/\/vmkik.positive.hu\/hirek\/mit-gondolnak-az-europaiak-az-eu-rol\">\r\n                <img class=\"img-responsive img-center\" src=\"\/uploads\/feed_items\/small-780917544028586-n-17875717000302.jpg\" alt=\"Mit gondolnak az eur\u00f3paiak az EU-r\u00f3l?\">\r\n            <\/a>\r\n        <\/div>\r\n        <div class=\"info\">\r\n            <div class=\"title\"><a  href=\"https:\/\/vmkik.positive.hu\/hirek\/mit-gondolnak-az-europaiak-az-eu-rol\">Mit gondolnak az eur\u00f3paiak az EU-r\u00f3l?<\/a><\/div>\r\n                            <ul class=\"categories\">\r\n                                            <li><a style=\"background: #5c299e; color: #ffffff\" href=\"https:\/\/vmkik.positive.hu\/hirek\/hirek\">H\u00edrek<\/a><\/li>\r\n                                            <li><a style=\"background: #2a299e; color: #ffffff\" href=\"https:\/\/vmkik.positive.hu\/hirek\/europe-direct\">Europe Direct<\/a><\/li>\r\n                                        <li><span class=\"public-at\">2026. augusztus 24.<\/span><\/li>\r\n                <\/ul>\r\n                        <div class=\"desc\"><p>Az eur\u00f3paiak csaknem h\u00e1romnegyede szerint az uni\u00f3s tags\u00e1g kedvez\u0151 hat\u00e1ssal volt az orsz\u00e1g\u00e1ra, Magyarorsz\u00e1gon ez az ar\u00e1ny 81%.&nbsp;A legfrissebb Eurobarom\u00e9ter-felm\u00e9r\u00e9s eredm\u00e9nyei alapj\u00e1n sokan tekintenek az uni\u00f3s tags\u00e1gra a demokr\u00e1cia, a stabilit\u00e1s \u00e9s a biztons\u00e1g szempontj\u00e1b\u00f3l is pozit\u00edv t\u00e9nyez\u0151k\u00e9nt.<\/p><\/div>\r\n        <\/div>\r\n    <\/div>\r\n        <\/div>\r\n            <div class=\"col-md-6 inline-col feed-item\">\r\n            <div class=\"clearfix\">\r\n        <div class=\"img\">\r\n            <a  href=\"https:\/\/vmkik.positive.hu\/hirek\/del-alfoldi-beszallitoi-forum-0922\">\r\n                <img class=\"img-responsive img-center\" src=\"\/uploads\/feed_items\/small-del-alfoeldi-beszallitoi-forum-3-17875685388506.jpg\" alt=\"D\u00e9l-alf\u00f6ldi Besz\u00e1ll\u00edt\u00f3i F\u00f3rum 09.22.\">\r\n            <\/a>\r\n        <\/div>\r\n        <div class=\"info\">\r\n            <div class=\"title\"><a  href=\"https:\/\/vmkik.positive.hu\/hirek\/del-alfoldi-beszallitoi-forum-0922\">D\u00e9l-alf\u00f6ldi Besz\u00e1ll\u00edt\u00f3i F\u00f3rum 09.22.<\/a><\/div>\r\n                            <ul class=\"categories\">\r\n                                            <li><a style=\"background: #5c299e; color: #ffffff\" href=\"https:\/\/vmkik.positive.hu\/hirek\/hirek\">H\u00edrek<\/a><\/li>\r\n                                            <li><a style=\"background: #9e6f29; color: #ffffff\" href=\"https:\/\/vmkik.positive.hu\/hirek\/gazdasagfejlesztes\">Gazdas\u00e1gfejleszt\u00e9s<\/a><\/li>\r\n                                            <li><a style=\"background: #8f9e29; color: #ffffff\" href=\"https:\/\/vmkik.positive.hu\/hirek\/vallalkozasfejlesztesi-projekt\">V\u00e1llalkoz\u00e1sfejleszt\u00e9si projekt<\/a><\/li>\r\n                                        <li><span class=\"public-at\">2026. augusztus 24.<\/span><\/li>\r\n                <\/ul>\r\n                        <div class=\"desc\"><p><strong>Folytat\u00f3dik az Orsz\u00e1gos Kamarai Besz\u00e1ll\u00edt\u00f3i Program<\/strong>, amelynek&nbsp;c\u00e9lja, hogy a nagyv\u00e1llalatok k\u00f6nnyebben tal\u00e1ljanak hazai besz\u00e1ll\u00edt\u00f3 partnereket, er\u0151s\u00f6djenek az \u00fczleti szinergi\u00e1k \u00e9s helyi kapcsolatokra \u00e9p\u00fcl\u0151, hat\u00e9konyabb besz\u00e1ll\u00edt\u00f3i l\u00e1ncok j\u00f6hessenek l\u00e9tre \u2013 mindez alacsonyabb logisztikai k\u00f6lts\u00e9geket \u00e9s gyorsabb egy\u00fcttm\u0171k\u00f6d\u00e9st eredm\u00e9nyezhet a felek sz\u00e1m\u00e1ra. A&nbsp;<strong>magyar kkv-k&nbsp;<\/strong>\u00faj piacokat tal\u00e1lhatnak term\u00e9keiknek, szolg\u00e1ltat\u00e1saiknak belf\u00f6ld\u00f6n, melynek k\u00f6sz\u00f6nhet\u0151en <strong>er\u0151s\u00f6dhetnek a hazai besz\u00e1ll\u00edt\u00f3i l\u00e1ncok,<\/strong> tov\u00e1bb\u00e1 ez nemcsak \u00fczleti lehet\u0151s\u00e9get jelent a kis- \u00e9s k\u00f6z\u00e9pv\u00e1llalkoz\u00e1sok sz\u00e1m\u00e1ra, hanem szakmai fejl\u0151d\u00e9st \u00e9s kapcsolatokat is k\u00edn\u00e1l a program.<\/p><\/div>\r\n        <\/div>\r\n    <\/div>\r\n        <\/div>\r\n            <div class=\"col-md-6 inline-col feed-item\">\r\n            <div class=\"clearfix\">\r\n        <div class=\"img\">\r\n            <a  href=\"https:\/\/vmkik.positive.hu\/hirek\/women-techeu-palyazat-vissza-nem-teritendo-tamogatas-noi-deep-tech-startupoknak\">\r\n                <img class=\"img-responsive img-center\" src=\"\/uploads\/feed_items\/small-womwntecheu-17875661227776.jpg\" alt=\"Women TechEU p\u00e1ly\u00e1zat: vissza nem t\u00e9r\u00edtend\u0151 t\u00e1mogat\u00e1s n\u0151i deep tech startupoknak\">\r\n            <\/a>\r\n        <\/div>\r\n        <div class=\"info\">\r\n            <div class=\"title\"><a  href=\"https:\/\/vmkik.positive.hu\/hirek\/women-techeu-palyazat-vissza-nem-teritendo-tamogatas-noi-deep-tech-startupoknak\">Women TechEU p\u00e1ly\u00e1zat: vissza nem t\u00e9r\u00edtend\u0151 t\u00e1mogat\u00e1s n\u0151i deep tech startupoknak<\/a><\/div>\r\n                            <ul class=\"categories\">\r\n                                            <li><a style=\"background: #5c299e; color: #ffffff\" href=\"https:\/\/vmkik.positive.hu\/hirek\/hirek\">H\u00edrek<\/a><\/li>\r\n                                            <li><a style=\"background: #2a299e; color: #ffffff\" href=\"https:\/\/vmkik.positive.hu\/hirek\/europe-direct\">Europe Direct<\/a><\/li>\r\n                                            <li><a style=\"background: #299e9e; color: #ffffff\" href=\"https:\/\/vmkik.positive.hu\/hirek\/palyazatok\">P\u00e1ly\u00e1zatok<\/a><\/li>\r\n                                        <li><span class=\"public-at\">2026. augusztus 24.<\/span><\/li>\r\n                <\/ul>\r\n                        <div class=\"desc\"><p>Elindult a Women TechEU harmadik, 2026\u20132028-as kiad\u00e1sa, megny\u00edlt a jelentkez\u00e9s az Eur\u00f3p\u00e1ban m\u0171k\u00f6d\u0151, n\u0151k \u00e1ltal vezetett deep tech startupok el\u0151tt.&nbsp;A k\u00f6vetkez\u0151 k\u00e9t \u00e9vben <strong>160 kiv\u00e1lasztott eur\u00f3pai startup r\u00e9szes\u00fcl egyenk\u00e9nt 75 000 eur\u00f3, tulajdonr\u00e9sz \u00e1tad\u00e1sa n\u00e9lk\u00fcli t\u00e1mogat\u00e1sban<\/strong>. A finansz\u00edroz\u00e1s mellett a nyertesek <strong>szem\u00e9lyre szabott \u00fczletfejleszt\u00e9si programban is r\u00e9szt vehetnek<\/strong>, amely egy\u00e9ni mentor\u00e1l\u00e1st, k\u00e9pz\u00e9seket, befektet\u0151kkel \u00e9s nagyv\u00e1llalatokkal val\u00f3 kapcsolat\u00e9p\u00edt\u00e9st, valamint networking lehet\u0151s\u00e9geket k\u00edn\u00e1l.<\/p><\/div>\r\n        <\/div>\r\n    <\/div>\r\n        <\/div>\r\n            <div class=\"col-md-6 inline-col feed-item\">\r\n            <div class=\"clearfix\">\r\n        <div class=\"img\">\r\n            <a  href=\"https:\/\/vmkik.positive.hu\/hirek\/kaptar-digitalis-megoldas-a-hazai-beszallitoi-kapcsolatok-erositesere\">\r\n                <img class=\"img-responsive img-center\" src=\"\/uploads\/feed_items\/small-kaptar-facebook-es-linkedin-uj-17875657764101.png\" alt=\"KAPT\u00c1R: digit\u00e1lis megold\u00e1s a hazai besz\u00e1ll\u00edt\u00f3i kapcsolatok er\u0151s\u00edt\u00e9s\u00e9re\">\r\n            <\/a>\r\n        <\/div>\r\n        <div class=\"info\">\r\n            <div class=\"title\"><a  href=\"https:\/\/vmkik.positive.hu\/hirek\/kaptar-digitalis-megoldas-a-hazai-beszallitoi-kapcsolatok-erositesere\">KAPT\u00c1R: digit\u00e1lis megold\u00e1s a hazai besz\u00e1ll\u00edt\u00f3i kapcsolatok er\u0151s\u00edt\u00e9s\u00e9re<\/a><\/div>\r\n                            <ul class=\"categories\">\r\n                                            <li><a style=\"background: #5c299e; color: #ffffff\" href=\"https:\/\/vmkik.positive.hu\/hirek\/hirek\">H\u00edrek<\/a><\/li>\r\n                                            <li><a style=\"background: #64299e; color: #ffffff\" href=\"https:\/\/vmkik.positive.hu\/hirek\/vallalkozo-vagyok\">V\u00e1llalkoz\u00f3 vagyok<\/a><\/li>\r\n                                            <li><a style=\"background: #8f9e29; color: #ffffff\" href=\"https:\/\/vmkik.positive.hu\/hirek\/vallalkozasfejlesztesi-projekt\">V\u00e1llalkoz\u00e1sfejleszt\u00e9si projekt<\/a><\/li>\r\n                                        <li><span class=\"public-at\">2026. augusztus 24.<\/span><\/li>\r\n                <\/ul>\r\n                        <div class=\"desc\"><p>A Magyar Kereskedelmi \u00e9s Iparkamara \u00e1ltal \u00e9letre h\u00edvott Orsz\u00e1gos Kamarai Besz\u00e1ll\u00edt\u00f3i Program tapasztalataira \u00e9p\u00edtve el\u00e9rhet\u0151v\u00e9 v\u00e1lt a KAPacit\u00e1s megoszt\u00f3 adatT\u00c1R, azaz a <strong>KAPT\u00c1R<\/strong>, egy mesters\u00e9ges intelligenci\u00e1val t\u00e1mogatott online partnerkeres\u0151 platform, amely a hazai v\u00e1llalkoz\u00e1sok k\u00f6z\u00f6tti \u00fczleti kapcsolatok er\u0151s\u00edt\u00e9s\u00e9t szolg\u00e1lja.<\/p><\/div>\r\n        <\/div>\r\n    <\/div>\r\n        <\/div>\r\n    <\/div>\r\n\r\n<ul class=\"pagination\">\r\n                    <li class=\"left\"><a href=\"https:\/\/vmkik.positive.hu\/api\/feeds\/page?page=2\" rel=\"prev\"><span class=\"icon icon-arrow-flat-left\"><\/span><\/a><\/li>\r\n        \r\n                    \r\n                                                                        <li><a href=\"https:\/\/vmkik.positive.hu\/api\/feeds\/page?page=1\">01<\/a><\/li>\r\n                                                                                <li><a href=\"https:\/\/vmkik.positive.hu\/api\/feeds\/page?page=2\">02<\/a><\/li>\r\n                                                                                <li class=\"active\"><span>03<\/span><\/li>\r\n                                                                                <li><a href=\"https:\/\/vmkik.positive.hu\/api\/feeds\/page?page=4\">04<\/a><\/li>\r\n                                                                                <li><a href=\"https:\/\/vmkik.positive.hu\/api\/feeds\/page?page=5\">05<\/a><\/li>\r\n                                                                                <li><a href=\"https:\/\/vmkik.positive.hu\/api\/feeds\/page?page=6\">06<\/a><\/li>\r\n                                                                                <li><a href=\"https:\/\/vmkik.positive.hu\/api\/feeds\/page?page=7\">07<\/a><\/li>\r\n                                                                                <li><a href=\"https:\/\/vmkik.positive.hu\/api\/feeds\/page?page=8\">08<\/a><\/li>\r\n                                                                                    <li class=\"disabled\"><span>...<\/span><\/li>\r\n            \r\n                                \r\n                                                                        <li><a href=\"https:\/\/vmkik.positive.hu\/api\/feeds\/page?page=503\">503<\/a><\/li>\r\n                                                                                <li><a href=\"https:\/\/vmkik.positive.hu\/api\/feeds\/page?page=504\">504<\/a><\/li>\r\n                                                        \r\n                    <li class=\"right\"><a href=\"https:\/\/vmkik.positive.hu\/api\/feeds\/page?page=4\" rel=\"next\"><span class=\"icon icon-arrow-flat-right\"><\/span><\/a><\/li>\r\n            <\/ul>\r\n\r\n","page":"3"}