{"content":"<div class=\"row inline-row\">\r\n                <div class=\"col-md-6 inline-col feed-item\">\r\n            <div class=\"clearfix\">\r\n        <div class=\"img\">\r\n            <a  href=\"https:\/\/vmkik.positive.hu\/hirek\/kamarai-tajekoztato-forum-e-nyugtarol\">\r\n                <img class=\"img-responsive img-center\" src=\"\/uploads\/feed_items\/small-e-nyugta-2026-1-17876458732757.jpg\" alt=\"Minden, amit az e-nyugt\u00e1r\u00f3l tudni \u00e9rdemes - Kamarai t\u00e1j\u00e9koztat\u00f3 f\u00f3rum kisv\u00e1llalkoz\u00e1sok sz\u00e1m\u00e1ra\">\r\n            <\/a>\r\n        <\/div>\r\n        <div class=\"info\">\r\n            <div class=\"title\"><a  href=\"https:\/\/vmkik.positive.hu\/hirek\/kamarai-tajekoztato-forum-e-nyugtarol\">Minden, amit az e-nyugt\u00e1r\u00f3l tudni \u00e9rdemes - Kamarai t\u00e1j\u00e9koztat\u00f3 f\u00f3rum kisv\u00e1llalkoz\u00e1sok sz\u00e1m\u00e1ra<\/a><\/div>\r\n                            <ul class=\"categories\">\r\n                                            <li><a style=\"background: #5c299e; color: #ffffff\" href=\"https:\/\/vmkik.positive.hu\/hirek\/hirek\">H\u00edrek<\/a><\/li>\r\n                                            <li><a style=\"background: #9e6f29; color: #ffffff\" href=\"https:\/\/vmkik.positive.hu\/hirek\/gazdasagfejlesztes\">Gazdas\u00e1gfejleszt\u00e9s<\/a><\/li>\r\n                                            <li><a style=\"background: #64299e; color: #ffffff\" href=\"https:\/\/vmkik.positive.hu\/hirek\/vallalkozo-vagyok\">V\u00e1llalkoz\u00f3 vagyok<\/a><\/li>\r\n                                            <li><a style=\"background: #8f9e29; color: #ffffff\" href=\"https:\/\/vmkik.positive.hu\/hirek\/vallalkozasfejlesztesi-projekt\">V\u00e1llalkoz\u00e1sfejleszt\u00e9si projekt<\/a><\/li>\r\n                                        <li><span class=\"public-at\">2026. augusztus 14.<\/span><\/li>\r\n                <\/ul>\r\n                        <div class=\"desc\"><p>Az \u00d6n v\u00e1llalkoz\u00e1sa felk\u00e9sz\u00fclt a&nbsp;k\u00f6telez\u0151 adatszolg\u00e1ltat\u00e1sra?&nbsp;Az e-nyugta bevezet\u00e9se az egyik legfontosabb v\u00e1ltoz\u00e1s, amely a magyar kisv\u00e1llalkoz\u00e1sokat \u00e9rinti. A legf\u0151bb fordul\u00f3pont&nbsp;<strong>2026. szeptember 1.<\/strong>&nbsp;\u2013 ett\u0151l a napt\u00f3l kezdve azoknak a v\u00e1llalkoz\u00e1soknak is k\u00f6telez\u0151 adatot szolg\u00e1ltatniuk a ki\u00e1ll\u00edtott nyugt\u00e1kr\u00f3l, akik nem p\u00e9nzt\u00e1rg\u00e9ppel nyugt\u00e1znak.<\/p>\r\n\r\n<p>&nbsp;<\/p>\r\n\r\n<p>&nbsp;<\/p><\/div>\r\n        <\/div>\r\n    <\/div>\r\n        <\/div>\r\n            <div class=\"col-md-6 inline-col feed-item\">\r\n            <div class=\"clearfix\">\r\n        <div class=\"img\">\r\n            <a  href=\"https:\/\/vmkik.positive.hu\/hirek\/kamarai-nyitvatartas\">\r\n                <img class=\"img-responsive img-center\" src=\"\/uploads\/feed_items\/small-kamara-zarva-0817-1786700494103.jpg\" alt=\"Kamarai nyitvatart\u00e1s 08.17.\">\r\n            <\/a>\r\n        <\/div>\r\n        <div class=\"info\">\r\n            <div class=\"title\"><a  href=\"https:\/\/vmkik.positive.hu\/hirek\/kamarai-nyitvatartas\">Kamarai nyitvatart\u00e1s 08.17.<\/a><\/div>\r\n                            <ul class=\"categories\">\r\n                                            <li><a style=\"background: #5c299e; color: #ffffff\" href=\"https:\/\/vmkik.positive.hu\/hirek\/hirek\">H\u00edrek<\/a><\/li>\r\n                                        <li><span class=\"public-at\">2026. augusztus 14.<\/span><\/li>\r\n                <\/ul>\r\n                        <div class=\"desc\"><p><strong><strong>Felh\u00edvjuk sz\u00edves figyelm\u00fcket, hogy 2026. augusztus 17-\u00e9n, h\u00e9tf\u0151n, technikai okok miatt, kamar\u00e1nk 13 \u00f3r\u00e1ig tart nyitva.&nbsp;<\/strong><\/strong><\/p>\r\n\r\n<p>2026. augusztus 18-t\u00f3l ism\u00e9t a megszokott \u00fcgyf\u00e9lszolg\u00e1lati id\u0151ben v\u00e1rjuk \u00d6n\u00f6ket.<\/p>\r\n\r\n<p>Sz\u00edves meg\u00e9rt\u00e9s\u00fcket k\u00f6sz\u00f6nj\u00fck!<\/p><\/div>\r\n        <\/div>\r\n    <\/div>\r\n        <\/div>\r\n            <div class=\"col-md-6 inline-col feed-item\">\r\n            <div class=\"clearfix\">\r\n        <div class=\"img\">\r\n            <a  href=\"https:\/\/vmkik.positive.hu\/hirek\/mkik-gyorsfelmeres-eredmenye-a-vallalkozasok-kozel-haromnegyedet-kedvezotlenul-erintette-a-forint-erosodese\">\r\n                <img class=\"img-responsive img-center\" src=\"\/uploads\/feed_items\/small-1690-17865402523137.jpg\" alt=\"MKIK-gyorsfelm\u00e9r\u00e9s eredm\u00e9nye: a v\u00e1llalkoz\u00e1sok k\u00f6zel h\u00e1romnegyed\u00e9t kedvez\u0151tlen\u00fcl \u00e9rintette a forint er\u0151s\u00f6d\u00e9se\">\r\n            <\/a>\r\n        <\/div>\r\n        <div class=\"info\">\r\n            <div class=\"title\"><a  href=\"https:\/\/vmkik.positive.hu\/hirek\/mkik-gyorsfelmeres-eredmenye-a-vallalkozasok-kozel-haromnegyedet-kedvezotlenul-erintette-a-forint-erosodese\">MKIK-gyorsfelm\u00e9r\u00e9s eredm\u00e9nye: a v\u00e1llalkoz\u00e1sok k\u00f6zel h\u00e1romnegyed\u00e9t kedvez\u0151tlen\u00fcl \u00e9rintette a forint er\u0151s\u00f6d\u00e9se<\/a><\/div>\r\n                            <ul class=\"categories\">\r\n                                            <li><a style=\"background: #5c299e; color: #ffffff\" href=\"https:\/\/vmkik.positive.hu\/hirek\/hirek\">H\u00edrek<\/a><\/li>\r\n                                            <li><a style=\"background: #9e6f29; color: #ffffff\" href=\"https:\/\/vmkik.positive.hu\/hirek\/gazdasagfejlesztes\">Gazdas\u00e1gfejleszt\u00e9s<\/a><\/li>\r\n                                        <li><span class=\"public-at\">2026. augusztus 12.<\/span><\/li>\r\n                <\/ul>\r\n                        <div class=\"desc\"><p>A Magyar Kereskedelmi \u00e9s Iparkamara Gazdas\u00e1gfejleszt\u00e9si Szakmai Bizotts\u00e1g\u00e1nak (GFSZB) kezdem\u00e9nyez\u00e9s\u00e9re v\u00e1llalkoz\u00f3i gyorsfelm\u00e9r\u00e9s indult a forint eur\u00f3val szembeni er\u0151s\u00f6d\u00e9s\u00e9nek gazdas\u00e1gi hat\u00e1sair\u00f3l; az eredm\u00e9nyek elemz\u00e9s\u00e9t Dr. Trautmann L\u00e1szl\u00f3, az MKIK Kutat\u00e1si H\u00e1l\u00f3zat\u00e1nak vezet\u0151je k\u00e9sz\u00edtette, az ezekre \u00e9p\u00fcl\u0151 szakpolitikai javaslatokat pedig a Gazdas\u00e1gfejleszt\u00e9si Szakmai Bizotts\u00e1g (GFSZB) a K\u00fclgazdas\u00e1gi Szakmai Bizotts\u00e1g (KGSZB) bevon\u00e1s\u00e1val dolgozta ki. Az 1157 v\u00e1llalkoz\u00e1s v\u00e1laszaira \u00e9p\u00fcl\u0151 kutat\u00e1s szerint az \u00e1rfolyamv\u00e1ltoz\u00e1s legink\u00e1bb az export\u00e1l\u00f3 c\u00e9gek j\u00f6vedelmez\u0151s\u00e9g\u00e9t, likvidit\u00e1s\u00e1t \u00e9s versenyk\u00e9pess\u00e9g\u00e9t \u00e9rintette kedvez\u0151tlen\u00fcl.<\/p><\/div>\r\n        <\/div>\r\n    <\/div>\r\n        <\/div>\r\n            <div class=\"col-md-6 inline-col feed-item\">\r\n            <div class=\"clearfix\">\r\n        <div class=\"img\">\r\n            <a  href=\"https:\/\/vmkik.positive.hu\/hirek\/a-2026-os-nyari-adocsomag-osszefoglaloja\">\r\n                <img class=\"img-responsive img-center\" src=\"\/uploads\/feed_items\/small-nevtelen-terv-28-17870483185739.jpg\" alt=\"A 2026-os ny\u00e1ri ad\u00f3csomag \u00f6sszefoglal\u00f3ja\">\r\n            <\/a>\r\n        <\/div>\r\n        <div class=\"info\">\r\n            <div class=\"title\"><a  href=\"https:\/\/vmkik.positive.hu\/hirek\/a-2026-os-nyari-adocsomag-osszefoglaloja\">A 2026-os ny\u00e1ri ad\u00f3csomag \u00f6sszefoglal\u00f3ja<\/a><\/div>\r\n                            <ul class=\"categories\">\r\n                                            <li><a style=\"background: #5c299e; color: #ffffff\" href=\"https:\/\/vmkik.positive.hu\/hirek\/hirek\">H\u00edrek<\/a><\/li>\r\n                                            <li><a style=\"background: #9e6f29; color: #ffffff\" href=\"https:\/\/vmkik.positive.hu\/hirek\/gazdasagfejlesztes\">Gazdas\u00e1gfejleszt\u00e9s<\/a><\/li>\r\n                                        <li><span class=\"public-at\">2026. augusztus 11.<\/span><\/li>\r\n                <\/ul>\r\n                        <div class=\"desc\"><p><strong>Az Orsz\u00e1ggy\u0171l\u00e9s 2026. j\u00falius 28-\u00e1n szavazta meg&nbsp;<a href=\"https:\/\/www.parlament.hu\/\/irom43\/00387\/00387-0010.pdf\">a T\/387. sz\u00e1m\u00fa komplex t\u00f6rv\u00e9nyjavaslatot<\/a>, amely t\u00f6bb ad\u00f3t\u00f6rv\u00e9nyt is \u00e9rint, \u00edgy sz\u00e1mos ponton m\u00f3dos\u00edtja \u00e9rdemben a magyar ad\u00f3rendszert. A 2026-os ny\u00e1ri ad\u00f3csomagk\u00e9nt emlegetett int\u00e9zked\u00e9sek h\u00e1tter\u00e9ben els\u0151sorban a Helyre\u00e1ll\u00edt\u00e1si \u00e9s Ellen\u00e1ll\u00f3k\u00e9pess\u00e9gi Tervhez kapcsol\u00f3d\u00f3 v\u00e1llal\u00e1sok teljes\u00edt\u00e9se \u00e1ll. Magyarorsz\u00e1gnak ugyanis 2026. augusztus 31-ig t\u00f6bb ad\u00f3z\u00e1si reformot kell v\u00e9grehajtania az uni\u00f3s forr\u00e1sokhoz val\u00f3 hozz\u00e1f\u00e9r\u00e9s \u00e9rdek\u00e9ben. A csomag ennek megfelel\u0151en egyszerre \u00e9rinti a bizalmi vagyonkezel\u00e9sek szem\u00e9lyi j\u00f6vedelemad\u00f3z\u00e1s\u00e1t, a t\u00e1rsas\u00e1gi ad\u00f3 kedvezm\u00e9nyrendszer\u00e9t, a kiskereskedelmi ad\u00f3t, egyes k\u00f6rnyezetv\u00e9delmi \u00e9s \u00e1gazati ad\u00f3kat, valamint rendelkezik t\u00f6bb kisebb ad\u00f3nem megsz\u00fcntet\u00e9s\u00e9r\u0151l is. Cikk\u00fcnkben \u00f6sszefoglaltuk \u201e<em>A Helyre\u00e1ll\u00edt\u00e1si \u00e9s Ellen\u00e1ll\u00f3k\u00e9pess\u00e9gi Terv, egyes korm\u00e1nyprogrampontok \u00e9s korm\u00e1nyhat\u00e1rozat v\u00e9grehajt\u00e1sa \u00e9rdek\u00e9ben sz\u00fcks\u00e9ges ad\u00f3int\u00e9zked\u00e9sekr\u0151l, valamint egy\u00e9b t\u00f6rv\u00e9nyek m\u00f3dos\u00edt\u00e1s\u00e1r\u00f3l<\/em>\u201d c\u00edm\u0171 t\u00f6rv\u00e9nyjavaslat fontosabb t\u00e9teleit.<\/strong><\/p><\/div>\r\n        <\/div>\r\n    <\/div>\r\n        <\/div>\r\n            <div class=\"col-md-6 inline-col feed-item\">\r\n            <div class=\"clearfix\">\r\n        <div class=\"img\">\r\n            <a  href=\"https:\/\/vmkik.positive.hu\/hirek\/miert-erdemes-kamarai-vedjegyes-vallalkozasnak-lenni\">\r\n                <img class=\"img-responsive img-center\" src=\"\/uploads\/feed_items\/small-vedjegy-17840197048235.jpg\" alt=\"Mi\u00e9rt \u00e9rdemes kamarai v\u00e9djegyes v\u00e1llalkoz\u00e1snak lenni?\">\r\n            <\/a>\r\n        <\/div>\r\n        <div class=\"info\">\r\n            <div class=\"title\"><a  href=\"https:\/\/vmkik.positive.hu\/hirek\/miert-erdemes-kamarai-vedjegyes-vallalkozasnak-lenni\">Mi\u00e9rt \u00e9rdemes kamarai v\u00e9djegyes v\u00e1llalkoz\u00e1snak lenni?<\/a><\/div>\r\n                            <ul class=\"categories\">\r\n                                            <li><a style=\"background: #5c299e; color: #ffffff\" href=\"https:\/\/vmkik.positive.hu\/hirek\/hirek\">H\u00edrek<\/a><\/li>\r\n                                            <li><a style=\"background: #9e6f29; color: #ffffff\" href=\"https:\/\/vmkik.positive.hu\/hirek\/gazdasagfejlesztes\">Gazdas\u00e1gfejleszt\u00e9s<\/a><\/li>\r\n                                            <li><a style=\"background: #2a299e; color: #ffffff\" href=\"https:\/\/vmkik.positive.hu\/hirek\/vedjegy\">V\u00e9djegy<\/a><\/li>\r\n                                        <li><span class=\"public-at\">2026. augusztus 11.<\/span><\/li>\r\n                <\/ul>\r\n                        <div class=\"desc\"><p>A mai \u00fczleti k\u00f6rnyezetben a bizalom az egyik legfontosabb versenyt\u00e9nyez\u0151. A \u201eVMKIK \u00e1ltal aj\u00e1nlott v\u00e1llalkoz\u00e1s\u201d v\u00e9djegy azt \u00fczeni partnereinek \u00e9s \u00fcgyfeleinek, hogy az \u00d6n c\u00e9ge&nbsp;<strong>megb\u00edzhat\u00f3, szakmailag felk\u00e9sz\u00fclt \u00e9s etikus \u00fczleti m\u0171k\u00f6d\u00e9st folytat<\/strong>. Ez a min\u0151s\u00edt\u00e9s egy\u00e9rtelm\u0171en megk\u00fcl\u00f6nb\u00f6zteti v\u00e1llalkoz\u00e1s\u00e1t a piacon, \u00e9s olyan bizalmi alapot teremt, amelyre hossz\u00fa t\u00e1v\u00fa \u00fczleti kapcsolatok \u00e9p\u00fclhetnek.<\/p><\/div>\r\n        <\/div>\r\n    <\/div>\r\n        <\/div>\r\n            <div class=\"col-md-6 inline-col feed-item\">\r\n            <div class=\"clearfix\">\r\n        <div class=\"img\">\r\n            <a  href=\"https:\/\/vmkik.positive.hu\/hirek\/meghivo-kamarai-uzleti-delegacio-stuttgartba-tamogatott-reszveteli-lehetoseggel-2026-szeptember-16-18\">\r\n                <img class=\"img-responsive img-center\" src=\"\/uploads\/feed_items\/small-7439515742440792-n-17863557842398.jpg\" alt=\"Kamarai \u00fczleti deleg\u00e1ci\u00f3 Stuttgartba t\u00e1mogatott r\u00e9szv\u00e9teli lehet\u0151s\u00e9ggel 2026. szeptember 16-18.\">\r\n            <\/a>\r\n        <\/div>\r\n        <div class=\"info\">\r\n            <div class=\"title\"><a  href=\"https:\/\/vmkik.positive.hu\/hirek\/meghivo-kamarai-uzleti-delegacio-stuttgartba-tamogatott-reszveteli-lehetoseggel-2026-szeptember-16-18\">Kamarai \u00fczleti deleg\u00e1ci\u00f3 Stuttgartba t\u00e1mogatott r\u00e9szv\u00e9teli lehet\u0151s\u00e9ggel 2026. szeptember 16-18.<\/a><\/div>\r\n                            <ul class=\"categories\">\r\n                                            <li><a style=\"background: #5c299e; color: #ffffff\" href=\"https:\/\/vmkik.positive.hu\/hirek\/hirek\">H\u00edrek<\/a><\/li>\r\n                                            <li><a style=\"background: #9e6f29; color: #ffffff\" href=\"https:\/\/vmkik.positive.hu\/hirek\/gazdasagfejlesztes\">Gazdas\u00e1gfejleszt\u00e9s<\/a><\/li>\r\n                                            <li><a style=\"background: #64299e; color: #ffffff\" href=\"https:\/\/vmkik.positive.hu\/hirek\/vallalkozo-vagyok\">V\u00e1llalkoz\u00f3 vagyok<\/a><\/li>\r\n                                            <li><a style=\"background: #8f9e29; color: #ffffff\" href=\"https:\/\/vmkik.positive.hu\/hirek\/vallalkozasfejlesztesi-projekt\">V\u00e1llalkoz\u00e1sfejleszt\u00e9si projekt<\/a><\/li>\r\n                                        <li><span class=\"public-at\">2026. augusztus 10.<\/span><\/li>\r\n                <\/ul>\r\n                        <div class=\"desc\"><p><strong><em>Tisztelt Partner\u00fcnk!<\/em><\/strong><\/p>\r\n\r\n<p>&nbsp;<\/p>\r\n\r\n<p><strong>\u00daj exportpiacokat keres v\u00e1llalkoz\u00e1sa sz\u00e1m\u00e1ra? \u00c9p\u00edtsen \u00fczleti kapcsolatokat Stuttgartban, N\u00e9metorsz\u00e1g egyik legfontosabb \u00fczleti \u00e9s ipari k\u00f6zpontj\u00e1ban!<\/strong><\/p>\r\n\r\n<p>A Magyar Kereskedelmi \u00e9s Iparkamara V\u00e1llalkoz\u00e1sfejleszt\u00e9si Projektj\u00e9nek keret\u00e9ben, Magyarorsz\u00e1g Korm\u00e1ny\u00e1nak t\u00e1mogat\u00e1s\u00e1val&nbsp;<strong>2026. szeptember 16 \u2013 18. k\u00f6z\u00f6tt t\u00e1mogatott r\u00e9szv\u00e9teli lehet\u0151s\u00e9ggel<\/strong>&nbsp;<strong>\u00fczleti<\/strong>&nbsp;<strong>deleg\u00e1ci\u00f3t<\/strong>&nbsp;szervez&nbsp;<strong>N\u00e9metorsz\u00e1gba, Stuttgartba.<\/strong><\/p><\/div>\r\n        <\/div>\r\n    <\/div>\r\n        <\/div>\r\n            <div class=\"col-md-6 inline-col feed-item\">\r\n            <div class=\"clearfix\">\r\n        <div class=\"img\">\r\n            <a  href=\"https:\/\/vmkik.positive.hu\/hirek\/a-magyar-kkv-k-munkahelyi-alagsora-az-mkik-megtarto-muszakok-projektjenek-cikksorozata-i-resz\">\r\n                <img class=\"img-responsive img-center\" src=\"\/uploads\/feed_items\/small-young-woman-having-headache-after-working-computer-night-home-17864393077315.jpg\" alt=\"A magyar kkv-k munkahelyi alagsora - Az MKIK Megtart\u00f3 m\u0171szakok projektj\u00e9nek cikksorozata - I. r\u00e9sz\">\r\n            <\/a>\r\n        <\/div>\r\n        <div class=\"info\">\r\n            <div class=\"title\"><a  href=\"https:\/\/vmkik.positive.hu\/hirek\/a-magyar-kkv-k-munkahelyi-alagsora-az-mkik-megtarto-muszakok-projektjenek-cikksorozata-i-resz\">A magyar kkv-k munkahelyi alagsora - Az MKIK Megtart\u00f3 m\u0171szakok projektj\u00e9nek cikksorozata - I. r\u00e9sz<\/a><\/div>\r\n                            <ul class=\"categories\">\r\n                                            <li><a style=\"background: #5c299e; color: #ffffff\" href=\"https:\/\/vmkik.positive.hu\/hirek\/hirek\">H\u00edrek<\/a><\/li>\r\n                                            <li><a style=\"background: #9e6f29; color: #ffffff\" href=\"https:\/\/vmkik.positive.hu\/hirek\/gazdasagfejlesztes\">Gazdas\u00e1gfejleszt\u00e9s<\/a><\/li>\r\n                                        <li><span class=\"public-at\">2026. augusztus 10.<\/span><\/li>\r\n                <\/ul>\r\n                        <div class=\"desc\"><p><strong>A ki\u00e9g\u00e9s, a f\u00fcgg\u0151s\u00e9g \u00e9s a fluktu\u00e1ci\u00f3 m\u00f6g\u00f6tti emberi \u00e9s szervezeti mint\u00e1zatok<\/strong><\/p>\r\n\r\n<p>Amikor egy magyar kkv-ban egy j\u00f3 ember felmond, egy kulcsember m\u00e1r csak saj\u00e1t \u00e1rny\u00e9kak\u00e9nt j\u00e1r be dolgozni, az alkohol, a gy\u00f3gyszer vagy a k\u00e9perny\u0151f\u00fcgg\u0151s\u00e9g nyomot hagy a munk\u00e1ban, ott m\u00e1r a t\u00f6rt\u00e9net nem csak az egy\u00e9nr\u0151l sz\u00f3l. A reped\u00e9sek sok\u00e1ig lent futnak: a csendben, a fesz\u00fclts\u00e9gben \u00e9s a folyamatosan cipelt terhekben. Ebben a cikksorozatban ment\u00e1lhigi\u00e9n\u00e9s seg\u00edt\u0151k \u00e9s szervezetfejleszt\u0151k t\u00e1rj\u00e1k fel, hogy mi gy\u0171lik a munkahelyi \u201ealagsorban\u201d \u2013 \u00e9s hogyan lesz mindebb\u0151l ki\u00e9g\u00e9s, f\u00fcgg\u0151s\u00e9g vagy fluktu\u00e1ci\u00f3, a kkv-k r\u00f6gval\u00f3s\u00e1g\u00e1ban.<\/p><\/div>\r\n        <\/div>\r\n    <\/div>\r\n        <\/div>\r\n            <div class=\"col-md-6 inline-col feed-item\">\r\n            <div class=\"clearfix\">\r\n        <div class=\"img\">\r\n            <a  href=\"https:\/\/vmkik.positive.hu\/hirek\/20262027-tanev-rendje\">\r\n                <img class=\"img-responsive img-center\" src=\"\/uploads\/feed_items\/small-tanevrendje-17860052330885.jpg\" alt=\"2026\/2027. tan\u00e9v rendje\">\r\n            <\/a>\r\n        <\/div>\r\n        <div class=\"info\">\r\n            <div class=\"title\"><a  href=\"https:\/\/vmkik.positive.hu\/hirek\/20262027-tanev-rendje\">2026\/2027. tan\u00e9v rendje<\/a><\/div>\r\n                            <ul class=\"categories\">\r\n                                            <li><a style=\"background: #9e2961; color: #ffffff\" href=\"https:\/\/vmkik.positive.hu\/hirek\/uton-a-szakmak-vilagaban\">Szakk\u00e9pz\u00e9s<\/a><\/li>\r\n                                            <li><a style=\"background: #5c299e; color: #ffffff\" href=\"https:\/\/vmkik.positive.hu\/hirek\/hirek\">H\u00edrek<\/a><\/li>\r\n                                        <li><span class=\"public-at\">2026. augusztus 06.<\/span><\/li>\r\n                <\/ul>\r\n                        <div class=\"desc\"><p>A <a href=\"https:\/\/magyarkozlony.hu\/dokumentumok\/06842acf721b1b0078da40829abc251b0840c110\/megtekintes\" target=\"_blank\">Magyar K\u00f6zl\u00f6ny 2026. j\u00falius 31-i 103. sz\u00e1m\u00e1ban<\/a> megjelent a <strong>2026\/2027. tan\u00e9v rendj\u00e9r\u0151l sz\u00f3l\u00f3 1\/2026. (VII. 31.) OGYM rendelet<\/strong>, amelynek egyik legfontosabb v\u00e1ltoz\u00e1sa, hogy a kor\u00e1bbi \u00e9vek gyakorlat\u00e1t\u00f3l elt\u00e9r\u0151en ism\u00e9t egyetlen jogszab\u00e1ly tartalmazza a k\u00f6znevel\u00e9sben \u00e9s a szakk\u00e9pz\u00e9sben alkalmazand\u00f3 tan\u00e9v rendj\u00e9t. A szakk\u00e9pz\u00e9sre vonatkoz\u00f3 rendelkez\u00e9sek a rendelet II. fejezet\u00e9ben kaptak helyet.<\/p><\/div>\r\n        <\/div>\r\n    <\/div>\r\n        <\/div>\r\n    <\/div>\r\n\r\n<ul class=\"pagination\">\r\n                    <li class=\"left\"><a href=\"https:\/\/vmkik.positive.hu\/api\/feeds\/page?page=4\" rel=\"prev\"><span class=\"icon icon-arrow-flat-left\"><\/span><\/a><\/li>\r\n        \r\n                    \r\n                                                                        <li><a href=\"https:\/\/vmkik.positive.hu\/api\/feeds\/page?page=1\">01<\/a><\/li>\r\n                                                                                <li><a href=\"https:\/\/vmkik.positive.hu\/api\/feeds\/page?page=2\">02<\/a><\/li>\r\n                                                                                <li><a href=\"https:\/\/vmkik.positive.hu\/api\/feeds\/page?page=3\">03<\/a><\/li>\r\n                                                                                <li><a href=\"https:\/\/vmkik.positive.hu\/api\/feeds\/page?page=4\">04<\/a><\/li>\r\n                                                                                <li class=\"active\"><span>05<\/span><\/li>\r\n                                                                                <li><a href=\"https:\/\/vmkik.positive.hu\/api\/feeds\/page?page=6\">06<\/a><\/li>\r\n                                                                                <li><a href=\"https:\/\/vmkik.positive.hu\/api\/feeds\/page?page=7\">07<\/a><\/li>\r\n                                                                                <li><a href=\"https:\/\/vmkik.positive.hu\/api\/feeds\/page?page=8\">08<\/a><\/li>\r\n                                                                                    <li class=\"disabled\"><span>...<\/span><\/li>\r\n            \r\n                                \r\n                                                                        <li><a href=\"https:\/\/vmkik.positive.hu\/api\/feeds\/page?page=503\">503<\/a><\/li>\r\n                                                                                <li><a href=\"https:\/\/vmkik.positive.hu\/api\/feeds\/page?page=504\">504<\/a><\/li>\r\n                                                        \r\n                    <li class=\"right\"><a href=\"https:\/\/vmkik.positive.hu\/api\/feeds\/page?page=6\" rel=\"next\"><span class=\"icon icon-arrow-flat-right\"><\/span><\/a><\/li>\r\n            <\/ul>\r\n\r\n","page":"5"}