{"content":"<div class=\"row inline-row\">\r\n                <div class=\"col-md-6 inline-col feed-item\">\r\n            <div class=\"clearfix\">\r\n        <div class=\"img\">\r\n            <a  href=\"https:\/\/vmkik.positive.hu\/hirek\/mit-tehet-most-egy-magyar-munkaltato-a-hosegben\">\r\n                <img class=\"img-responsive img-center\" src=\"\/uploads\/feed_items\/small-images-crop-17866040188123.jpg\" alt=\"Mit tehet most egy magyar munk\u00e1ltat\u00f3 a h\u0151s\u00e9gben?\">\r\n            <\/a>\r\n        <\/div>\r\n        <div class=\"info\">\r\n            <div class=\"title\"><a  href=\"https:\/\/vmkik.positive.hu\/hirek\/mit-tehet-most-egy-magyar-munkaltato-a-hosegben\">Mit tehet most egy magyar munk\u00e1ltat\u00f3 a h\u0151s\u00e9gben?<\/a><\/div>\r\n                            <ul class=\"categories\">\r\n                                            <li><a style=\"background: #5c299e; color: #ffffff\" href=\"https:\/\/vmkik.positive.hu\/hirek\/hirek\">H\u00edrek<\/a><\/li>\r\n                                        <li><span class=\"public-at\">2026. augusztus 06.<\/span><\/li>\r\n                <\/ul>\r\n                        <div class=\"desc\"><p>Az idei ny\u00e1r ism\u00e9t megmutatja: a tart\u00f3s h\u0151s\u00e9g m\u00e1r nem egyszer\u0171en kellemetlen id\u0151j\u00e1r\u00e1si helyzet. Egyre t\u00f6bb eur\u00f3pai orsz\u00e1gban <strong>munkav\u00e9delmi, eg\u00e9szs\u00e9g\u00fcgyi \u00e9s gazdas\u00e1gi kock\u00e1zatk\u00e9nt<\/strong> kezelik a h\u0151hull\u00e1mokat.<\/p><\/div>\r\n        <\/div>\r\n    <\/div>\r\n        <\/div>\r\n            <div class=\"col-md-6 inline-col feed-item\">\r\n            <div class=\"clearfix\">\r\n        <div class=\"img\">\r\n            <a  href=\"https:\/\/vmkik.positive.hu\/hirek\/jatszoter-uzemeltetok-figyelmebe\">\r\n                <img class=\"img-responsive img-center\" src=\"\/uploads\/feed_items\/small-tunder-szikla-hartyanyi-norbert-17858323586709.jpg\" alt=\"J\u00e1tsz\u00f3t\u00e9r \u00fczemeltet\u0151k figyelm\u00e9be\">\r\n            <\/a>\r\n        <\/div>\r\n        <div class=\"info\">\r\n            <div class=\"title\"><a  href=\"https:\/\/vmkik.positive.hu\/hirek\/jatszoter-uzemeltetok-figyelmebe\">J\u00e1tsz\u00f3t\u00e9r \u00fczemeltet\u0151k figyelm\u00e9be<\/a><\/div>\r\n                            <ul class=\"categories\">\r\n                                            <li><a style=\"background: #5c299e; color: #ffffff\" href=\"https:\/\/vmkik.positive.hu\/hirek\/hirek\">H\u00edrek<\/a><\/li>\r\n                                        <li><span class=\"public-at\">2026. augusztus 04.<\/span><\/li>\r\n                <\/ul>\r\n                        <div class=\"desc\"><p style=\"text-align:justify\"><strong>Vend\u00e9gl\u00e1t\u00f3helyek, sz\u00e1ll\u00e1shelyek \u00e9s m\u00e1s v\u00e1llalkoz\u00e1sok \u00e1ltal \u00fczemeltetett j\u00e1tsz\u00f3terek ellen\u0151rz\u00e9se.&nbsp;<\/strong>A j\u00e1tsz\u00f3t\u00e9ri eszk\u00f6z\u00f6k biztons\u00e1goss\u00e1g\u00e1r\u00f3l sz\u00f3l\u00f3 <a href=\"https:\/\/net.jogtar.hu\/jogszabaly?docid=a0300078.gkm\">78\/2003. (XI. 27.) GKM rendelet<\/a> alapj\u00e1n a vend\u00e9gl\u00e1t\u00f3helyek, sz\u00e1ll\u00e1shelyek \u00e9s m\u00e1s v\u00e1llalkoz\u00e1sok \u00e1ltal \u00fczemeltetett, nem kiz\u00e1r\u00f3lag csal\u00e1di haszn\u00e1lat\u00fa j\u00e1tsz\u00f3t\u00e9ri eszk\u00f6z\u00f6kre is kiterjedhetnek az \u00fczemeltet\u0151i k\u00f6telezetts\u00e9gek.<\/p><\/div>\r\n        <\/div>\r\n    <\/div>\r\n        <\/div>\r\n            <div class=\"col-md-6 inline-col feed-item\">\r\n            <div class=\"clearfix\">\r\n        <div class=\"img\">\r\n            <a  href=\"https:\/\/vmkik.positive.hu\/hirek\/ai-gigafactory-program\">\r\n                <img class=\"img-responsive img-center\" src=\"\/uploads\/feed_items\/small-ai-gigafactory-art-1785831694199.jpg\" alt=\"AI Gigafactory-program\">\r\n            <\/a>\r\n        <\/div>\r\n        <div class=\"info\">\r\n            <div class=\"title\"><a  href=\"https:\/\/vmkik.positive.hu\/hirek\/ai-gigafactory-program\">AI Gigafactory-program<\/a><\/div>\r\n                            <ul class=\"categories\">\r\n                                            <li><a style=\"background: #5c299e; color: #ffffff\" href=\"https:\/\/vmkik.positive.hu\/hirek\/hirek\">H\u00edrek<\/a><\/li>\r\n                                            <li><a style=\"background: #2a299e; color: #ffffff\" href=\"https:\/\/vmkik.positive.hu\/hirek\/europe-direct\">Europe Direct<\/a><\/li>\r\n                                        <li><span class=\"public-at\">2026. augusztus 04.<\/span><\/li>\r\n                <\/ul>\r\n                        <div class=\"desc\"><p>Az <strong>AI Gigafactory-program<!--TgQPHd|||[]--><\/strong> az Eur\u00f3pai Uni\u00f3 nagyszab\u00e1s\u00fa technol\u00f3giai kezdem\u00e9nyez\u00e9se, amelynek c\u00e9lja <strong>h\u00e9t szupersz\u00e1m\u00edt\u00f3g\u00e9pes mesters\u00e9gesintelligencia-k\u00f6zpont (AI-gigagy\u00e1r) fel\u00e9p\u00edt\u00e9se<!--TgQPHd|||[]--><\/strong> Eur\u00f3pa-szerte, az Egyes\u00fclt \u00c1llamokkal \u00e9s K\u00edn\u00e1val szembeni technol\u00f3giai lemarad\u00e1s felsz\u00e1mol\u00e1s\u00e1ra. Az Eur\u00f3pai Bizotts\u00e1g \u00e1ltal fel\u00fcgyelt program <strong>10 milli\u00e1rd eur\u00f3s k\u00f6z\u00f6ss\u00e9gi \u00e9s nemzeti forr\u00e1st<!--TgQPHd|||[]--><\/strong> mozg\u00f3s\u00edt, amely a v\u00e1rakoz\u00e1sok szerint legal\u00e1bb tov\u00e1bbi 20 milli\u00e1rd eur\u00f3 mag\u00e1nbefektet\u00e9st vonz majd be<\/p><\/div>\r\n        <\/div>\r\n    <\/div>\r\n        <\/div>\r\n            <div class=\"col-md-6 inline-col feed-item\">\r\n            <div class=\"clearfix\">\r\n        <div class=\"img\">\r\n            <a  href=\"https:\/\/vmkik.positive.hu\/hirek\/a-nav-segit-negy-honapos-atallasi-idoszak-a-nyugtaadat-szolgaltatasban\">\r\n                <img class=\"img-responsive img-center\" src=\"\/uploads\/feed_items\/small-enyugta-microsite-hero-17858311614649.jpg\" alt=\"A NAV seg\u00edt: n\u00e9gy h\u00f3napos \u00e1t\u00e1ll\u00e1si id\u0151szak a nyugtaadat-szolg\u00e1ltat\u00e1sban\">\r\n            <\/a>\r\n        <\/div>\r\n        <div class=\"info\">\r\n            <div class=\"title\"><a  href=\"https:\/\/vmkik.positive.hu\/hirek\/a-nav-segit-negy-honapos-atallasi-idoszak-a-nyugtaadat-szolgaltatasban\">A NAV seg\u00edt: n\u00e9gy h\u00f3napos \u00e1t\u00e1ll\u00e1si id\u0151szak a nyugtaadat-szolg\u00e1ltat\u00e1sban<\/a><\/div>\r\n                            <ul class=\"categories\">\r\n                                            <li><a style=\"background: #5c299e; color: #ffffff\" href=\"https:\/\/vmkik.positive.hu\/hirek\/hirek\">H\u00edrek<\/a><\/li>\r\n                                            <li><a style=\"background: #64299e; color: #ffffff\" href=\"https:\/\/vmkik.positive.hu\/hirek\/vallalkozo-vagyok\">V\u00e1llalkoz\u00f3 vagyok<\/a><\/li>\r\n                                        <li><span class=\"public-at\">2026. augusztus 04.<\/span><\/li>\r\n                <\/ul>\r\n                        <div class=\"desc\"><p>Szeptember 1-j\u00e9n elindul a k\u00f6telez\u0151 nyugtaadat-szolg\u00e1ltat\u00e1s. A Nemzeti Ad\u00f3- \u00e9s V\u00e1mhivatal (NAV) az \u00e9v v\u00e9g\u00e9ig seg\u00edt a v\u00e1llalkoz\u00e1soknak megtal\u00e1lni a legtesthez\u00e1ll\u00f3bb megold\u00e1st az \u00e1t\u00e1ll\u00e1sra, \u00e9s ez alatt a n\u00e9gy h\u00f3nap alatt nem is b\u00edrs\u00e1gol. A legegyszer\u0171bb a NAV ingyenes eP\u00e9nzt\u00e1rg\u00e9p alkalmaz\u00e1s\u00e1t let\u00f6lteni, de a k\u00f6telezetts\u00e9g teljes\u00edthet\u0151 m\u00e1s m\u00f3don is, \u00edgy p\u00e9ld\u00e1ul egy egyszer\u0171 webes fel\u00fcleten, vagy \u2013 nagyobb adatmennyis\u00e9gn\u00e9l \u2013 g\u00e9pi kapcsolaton kereszt\u00fcl is.<\/p><\/div>\r\n        <\/div>\r\n    <\/div>\r\n        <\/div>\r\n            <div class=\"col-md-6 inline-col feed-item\">\r\n            <div class=\"clearfix\">\r\n        <div class=\"img\">\r\n            <a  href=\"https:\/\/vmkik.positive.hu\/hirek\/megkezdodhetnek-a-demjan-sandor-tokeprogram-tokebefektetesei\">\r\n                <img class=\"img-responsive img-center\" src=\"\/uploads\/feed_items\/small-tokealap-17858279515531.jpg\" alt=\"Megkezd\u0151dhetnek a Demj\u00e1n S\u00e1ndor T\u0151keprogram t\u0151kebefektet\u00e9sei!\">\r\n            <\/a>\r\n        <\/div>\r\n        <div class=\"info\">\r\n            <div class=\"title\"><a  href=\"https:\/\/vmkik.positive.hu\/hirek\/megkezdodhetnek-a-demjan-sandor-tokeprogram-tokebefektetesei\">Megkezd\u0151dhetnek a Demj\u00e1n S\u00e1ndor T\u0151keprogram t\u0151kebefektet\u00e9sei!<\/a><\/div>\r\n                            <ul class=\"categories\">\r\n                                            <li><a style=\"background: #5c299e; color: #ffffff\" href=\"https:\/\/vmkik.positive.hu\/hirek\/hirek\">H\u00edrek<\/a><\/li>\r\n                                            <li><a style=\"background: #9e6f29; color: #ffffff\" href=\"https:\/\/vmkik.positive.hu\/hirek\/gazdasagfejlesztes\">Gazdas\u00e1gfejleszt\u00e9s<\/a><\/li>\r\n                                        <li><span class=\"public-at\">2026. augusztus 04.<\/span><\/li>\r\n                <\/ul>\r\n                        <div class=\"desc\"><p>Az <strong>MFB - Magyar Fejleszt\u00e9si Bank<\/strong> d\u00f6nt\u00e9s\u00e9t k\u00f6vet\u0151en elindulhat a program v\u00e9grehajt\u00e1sa: az MKIK T\u0151kealapkezel\u0151 Zrt. megkezdi a t\u0151kebefektet\u00e9sek foly\u00f3s\u00edt\u00e1s\u00e1t, illetve ahol sz\u00fcks\u00e9ges, a szerz\u0151d\u00e9sk\u00f6t\u00e9si folyamatokat. C\u00e9l, hogy a sikeresen kiv\u00e1lasztott v\u00e1llalkoz\u00e1sok a lehet\u0151 legr\u00f6videbb id\u0151n bel\u00fcl hozz\u00e1jussanak a meg\u00edt\u00e9lt forr\u00e1sokhoz.<\/p><\/div>\r\n        <\/div>\r\n    <\/div>\r\n        <\/div>\r\n            <div class=\"col-md-6 inline-col feed-item\">\r\n            <div class=\"clearfix\">\r\n        <div class=\"img\">\r\n            <a  href=\"https:\/\/vmkik.positive.hu\/hirek\/kiberbiztonsagi-workshop-mikro-es-kisvallalkozassoknak\">\r\n                <img class=\"img-responsive img-center\" src=\"\/uploads\/feed_items\/small-kiber-17857390077783.jpg\" alt=\"Kiberbiztons\u00e1gi workshop mikro- \u00e9s kisv\u00e1llalkoz\u00e1ssoknak\">\r\n            <\/a>\r\n        <\/div>\r\n        <div class=\"info\">\r\n            <div class=\"title\"><a  href=\"https:\/\/vmkik.positive.hu\/hirek\/kiberbiztonsagi-workshop-mikro-es-kisvallalkozassoknak\">Kiberbiztons\u00e1gi workshop mikro- \u00e9s kisv\u00e1llalkoz\u00e1ssoknak<\/a><\/div>\r\n                            <ul class=\"categories\">\r\n                                            <li><a style=\"background: #5c299e; color: #ffffff\" href=\"https:\/\/vmkik.positive.hu\/hirek\/hirek\">H\u00edrek<\/a><\/li>\r\n                                            <li><a style=\"background: #64299e; color: #ffffff\" href=\"https:\/\/vmkik.positive.hu\/hirek\/vallalkozo-vagyok\">V\u00e1llalkoz\u00f3 vagyok<\/a><\/li>\r\n                                        <li><span class=\"public-at\">2026. augusztus 03.<\/span><\/li>\r\n                <\/ul>\r\n                        <div class=\"desc\"><p style=\"margin-left:0cm; margin-right:0cm\"><em>Az MKIK Kiberbiztons\u00e1gi programj\u00e1nak keret\u00e9ben 2026. szeptember 15-\u00e9n kifejezetten mikro- \u00e9s kisv\u00e1llalkoz\u00e1soknak sz\u00f3l\u00f3, ingyenes online workshopot tartanak.<\/em><\/p><\/div>\r\n        <\/div>\r\n    <\/div>\r\n        <\/div>\r\n            <div class=\"col-md-6 inline-col feed-item\">\r\n            <div class=\"clearfix\">\r\n        <div class=\"img\">\r\n            <a  href=\"https:\/\/vmkik.positive.hu\/hirek\/az-mkik-az-energiavalsagos-idoszakban-javaslatokat-fogalmazott-meg-a-vallalkozasok-szamara-a-gazdasag-mukodokepessegenek-megorzese-erdekeben\">\r\n                <img class=\"img-responsive img-center\" src=\"\/uploads\/feed_items\/small-illusztracios-kep-pexels-17857376931458.jpg\" alt=\"Az MKIK az energiav\u00e1ls\u00e1gos id\u0151szakban javaslatokat fogalmazott meg a v\u00e1llalkoz\u00e1sok sz\u00e1m\u00e1ra, a gazdas\u00e1g m\u0171k\u00f6d\u0151k\u00e9pess\u00e9g\u00e9nek meg\u0151rz\u00e9se \u00e9rdek\u00e9ben\">\r\n            <\/a>\r\n        <\/div>\r\n        <div class=\"info\">\r\n            <div class=\"title\"><a  href=\"https:\/\/vmkik.positive.hu\/hirek\/az-mkik-az-energiavalsagos-idoszakban-javaslatokat-fogalmazott-meg-a-vallalkozasok-szamara-a-gazdasag-mukodokepessegenek-megorzese-erdekeben\">Az MKIK az energiav\u00e1ls\u00e1gos id\u0151szakban javaslatokat fogalmazott meg a v\u00e1llalkoz\u00e1sok sz\u00e1m\u00e1ra, a gazdas\u00e1g m\u0171k\u00f6d\u0151k\u00e9pess\u00e9g\u00e9nek meg\u0151rz\u00e9se \u00e9rdek\u00e9ben<\/a><\/div>\r\n                            <ul class=\"categories\">\r\n                                            <li><a style=\"background: #5c299e; color: #ffffff\" href=\"https:\/\/vmkik.positive.hu\/hirek\/hirek\">H\u00edrek<\/a><\/li>\r\n                                        <li><span class=\"public-at\">2026. augusztus 03.<\/span><\/li>\r\n                <\/ul>\r\n                        <div class=\"desc\"><p>A<strong> Magyar Kereskedelmi \u00e9s Iparkamara (MKIK)<\/strong> a korm\u00e1ny javaslataihoz \u00e9s nagyfogyaszt\u00f3k felaj\u00e1nl\u00e1saihoz csatlakozva, \u00f6sszes\u00edt\u0151 javaslatokat fogalmaz meg a v\u00e1llalkoz\u00e1sok sz\u00e1m\u00e1ra, hogy az esetleges \u00e1ramtermel\u00e9si kapacit\u00e1s-kies\u00e9sb\u0151l ered\u0151 ell\u00e1t\u00e1si kock\u00e1zatok kezel\u00e9se el\u0151re kidolgozott, fokozatos \u00e9s ar\u00e1nyos rendszerben t\u00f6rt\u00e9njen. A c\u00e9l az ell\u00e1t\u00e1sbiztons\u00e1g fenntart\u00e1sa, a kritikus \u00e1gazatok v\u00e9delme \u00e9s a gazdas\u00e1g m\u0171k\u00f6d\u00e9s\u00e9nek lehet\u0151 legkisebb zavara.<\/p><\/div>\r\n        <\/div>\r\n    <\/div>\r\n        <\/div>\r\n            <div class=\"col-md-6 inline-col feed-item\">\r\n            <div class=\"clearfix\">\r\n        <div class=\"img\">\r\n            <a  href=\"https:\/\/vmkik.positive.hu\/hirek\/a-termekek-javitasahoz-valo-jog\">\r\n                <img class=\"img-responsive img-center\" src=\"\/uploads\/feed_items\/small-small-images-17853994346716.png\" alt=\"A term\u00e9kek jav\u00edt\u00e1s\u00e1hoz val\u00f3 jog\">\r\n            <\/a>\r\n        <\/div>\r\n        <div class=\"info\">\r\n            <div class=\"title\"><a  href=\"https:\/\/vmkik.positive.hu\/hirek\/a-termekek-javitasahoz-valo-jog\">A term\u00e9kek jav\u00edt\u00e1s\u00e1hoz val\u00f3 jog<\/a><\/div>\r\n                            <ul class=\"categories\">\r\n                                            <li><a style=\"background: #5c299e; color: #ffffff\" href=\"https:\/\/vmkik.positive.hu\/hirek\/hirek\">H\u00edrek<\/a><\/li>\r\n                                            <li><a style=\"background: #2a299e; color: #ffffff\" href=\"https:\/\/vmkik.positive.hu\/hirek\/europe-direct\">Europe Direct<\/a><\/li>\r\n                                        <li><span class=\"public-at\">2026. j\u00falius 30.<\/span><\/li>\r\n                <\/ul>\r\n                        <div class=\"desc\"><p>Ez egy olyan \u00faj eur\u00f3pai szab\u00e1lyoz\u00e1s, amely olcs\u00f3bb\u00e1, egyszer\u0171bb\u00e9 \u00e9s gyorsabb\u00e1 teszi a term\u00e9kek jav\u00edt\u00e1s\u00e1t, cs\u00f6kkenti a hullad\u00e9kot, \u00e9s k\u00f6telezi a gy\u00e1rt\u00f3kat a t\u00f6r\u00f6tt vagy elromlott eszk\u00f6z\u00f6k helyre\u00e1ll\u00edt\u00e1s\u00e1ra.&nbsp;Magyarorsz\u00e1g is \u00e1t\u00fclteti a jav\u00edt\u00e1shoz val\u00f3 jogr\u00f3l sz\u00f3l\u00f3 eur\u00f3pai uni\u00f3s szab\u00e1lyoz\u00e1st, \u00edgy 2026. j\u00falius 31-t\u0151l a gy\u00e1rt\u00f3kat jav\u00edt\u00e1si \u00e9s \u00fajrafelhaszn\u00e1l\u00e1si k\u00f6telezetts\u00e9g terhelheti m\u00e9g a garanci\u00e1lis id\u0151szakot k\u00f6vet\u0151en is.&nbsp;<\/p><\/div>\r\n        <\/div>\r\n    <\/div>\r\n        <\/div>\r\n    <\/div>\r\n\r\n<ul class=\"pagination\">\r\n                    <li class=\"left\"><a href=\"https:\/\/vmkik.positive.hu\/api\/feeds\/page?page=5\" rel=\"prev\"><span class=\"icon icon-arrow-flat-left\"><\/span><\/a><\/li>\r\n        \r\n                    \r\n                                                                        <li><a href=\"https:\/\/vmkik.positive.hu\/api\/feeds\/page?page=1\">01<\/a><\/li>\r\n                                                                                <li><a href=\"https:\/\/vmkik.positive.hu\/api\/feeds\/page?page=2\">02<\/a><\/li>\r\n                                                                                <li><a href=\"https:\/\/vmkik.positive.hu\/api\/feeds\/page?page=3\">03<\/a><\/li>\r\n                                                                                <li><a href=\"https:\/\/vmkik.positive.hu\/api\/feeds\/page?page=4\">04<\/a><\/li>\r\n                                                                                <li><a href=\"https:\/\/vmkik.positive.hu\/api\/feeds\/page?page=5\">05<\/a><\/li>\r\n                                                                                <li class=\"active\"><span>06<\/span><\/li>\r\n                                                                                <li><a href=\"https:\/\/vmkik.positive.hu\/api\/feeds\/page?page=7\">07<\/a><\/li>\r\n                                                                                <li><a href=\"https:\/\/vmkik.positive.hu\/api\/feeds\/page?page=8\">08<\/a><\/li>\r\n                                                                                    <li class=\"disabled\"><span>...<\/span><\/li>\r\n            \r\n                                \r\n                                                                        <li><a href=\"https:\/\/vmkik.positive.hu\/api\/feeds\/page?page=503\">503<\/a><\/li>\r\n                                                                                <li><a href=\"https:\/\/vmkik.positive.hu\/api\/feeds\/page?page=504\">504<\/a><\/li>\r\n                                                        \r\n                    <li class=\"right\"><a href=\"https:\/\/vmkik.positive.hu\/api\/feeds\/page?page=7\" rel=\"next\"><span class=\"icon icon-arrow-flat-right\"><\/span><\/a><\/li>\r\n            <\/ul>\r\n\r\n","page":"6"}