{"content":"<div class=\"row inline-row\">\r\n                <div class=\"col-md-6 inline-col feed-item\">\r\n            <div class=\"clearfix\">\r\n        <div class=\"img\">\r\n            <a  href=\"https:\/\/vmkik.positive.hu\/hirek\/megnyilt-a-megtarto-muszakok-programba-a-jelentkezes\">\r\n                <img class=\"img-responsive img-center\" src=\"\/uploads\/feed_items\/small-nevtelen-17848076105686.jpg\" alt=\"Megny\u00edlt a Megtart\u00f3 M\u0171szakok programba a jelentkez\u00e9s\">\r\n            <\/a>\r\n        <\/div>\r\n        <div class=\"info\">\r\n            <div class=\"title\"><a  href=\"https:\/\/vmkik.positive.hu\/hirek\/megnyilt-a-megtarto-muszakok-programba-a-jelentkezes\">Megny\u00edlt a Megtart\u00f3 M\u0171szakok programba a jelentkez\u00e9s<\/a><\/div>\r\n                            <ul class=\"categories\">\r\n                                            <li><a style=\"background: #5c299e; color: #ffffff\" href=\"https:\/\/vmkik.positive.hu\/hirek\/hirek\">H\u00edrek<\/a><\/li>\r\n                                            <li><a style=\"background: #9e6f29; color: #ffffff\" href=\"https:\/\/vmkik.positive.hu\/hirek\/gazdasagfejlesztes\">Gazdas\u00e1gfejleszt\u00e9s<\/a><\/li>\r\n                                            <li><a style=\"background: #8f9e29; color: #ffffff\" href=\"https:\/\/vmkik.positive.hu\/hirek\/vallalkozasfejlesztesi-projekt\">V\u00e1llalkoz\u00e1sfejleszt\u00e9si projekt<\/a><\/li>\r\n                                        <li><span class=\"public-at\">2026. j\u00falius 23.<\/span><\/li>\r\n                <\/ul>\r\n                        <div class=\"desc\"><p>Megny\u00edlt a jelentkez\u00e9s a <a href=\"https:\/\/www.bkmkik.hu\/hu\/legsikeresebb-szolgaltatasaink\/megtarto-muszakok\/8158-a-munkaero-megtartas-erositese-erdekeben-indit-orszagos-rendezvenysorozatot-a-kamara\"><strong>Megtart\u00f3 M\u0171szakok<\/strong><\/a> programba; <strong>az \u00d6n v\u00e1llalkoz\u00e1sa is jogosult lehet a r\u00e9szv\u00e9telre. <\/strong>A program a 25\u2013250 f\u0151 k\u00f6z\u00f6tti l\u00e9tsz\u00e1mot foglalkoztat\u00f3 kkv-knak ny\u00fajt gyakorlati t\u00e1mogat\u00e1st a <strong><em>munkaer\u0151-megtart\u00e1si, vezet\u0151i \u00e9s hum\u00e1nmenedzsment kih\u00edv\u00e1sok kezel\u00e9s\u00e9ben.<\/em><\/strong><\/p><\/div>\r\n        <\/div>\r\n    <\/div>\r\n        <\/div>\r\n            <div class=\"col-md-6 inline-col feed-item\">\r\n            <div class=\"clearfix\">\r\n        <div class=\"img\">\r\n            <a  href=\"https:\/\/vmkik.positive.hu\/hirek\/eafa-tool-gyorsabb-es-egyszerubb-bevallas-elokeszites\">\r\n                <img class=\"img-responsive img-center\" src=\"\/uploads\/feed_items\/small-eafatool-17847083067099.jpg\" alt=\"e\u00c1FA Tool: gyorsabb \u00e9s egyszer\u0171bb bevall\u00e1s-el\u0151k\u00e9sz\u00edt\u00e9s\">\r\n            <\/a>\r\n        <\/div>\r\n        <div class=\"info\">\r\n            <div class=\"title\"><a  href=\"https:\/\/vmkik.positive.hu\/hirek\/eafa-tool-gyorsabb-es-egyszerubb-bevallas-elokeszites\">e\u00c1FA Tool: gyorsabb \u00e9s egyszer\u0171bb bevall\u00e1s-el\u0151k\u00e9sz\u00edt\u00e9s<\/a><\/div>\r\n                            <ul class=\"categories\">\r\n                                            <li><a style=\"background: #5c299e; color: #ffffff\" href=\"https:\/\/vmkik.positive.hu\/hirek\/hirek\">H\u00edrek<\/a><\/li>\r\n                                        <li><span class=\"public-at\">2026. j\u00falius 22.<\/span><\/li>\r\n                <\/ul>\r\n                        <div class=\"desc\"><p style=\"text-align:justify\">M\u00e1r el\u00e9rhet\u0151 a Nemzeti Ad\u00f3- \u00e9s V\u00e1mhivatal (NAV) \u00faj alkalmaz\u00e1sa, az e\u00c1FA Tool, valamint a haszn\u00e1lat\u00e1t bemutat\u00f3 felhaszn\u00e1l\u00f3i k\u00e9zik\u00f6nyv. A program megk\u00f6nny\u00edti az Excel-sablonban el\u0151k\u00e9sz\u00edtett e\u00c1FA-adatok feldolgoz\u00e1s\u00e1t, ellen\u0151rz\u00e9s\u00e9t, az XML-\u00e1llom\u00e1nyok el\u0151\u00e1ll\u00edt\u00e1s\u00e1t \u00e9s az e\u00c1FA-M2M-exportf\u00e1jlok elk\u00e9sz\u00edt\u00e9s\u00e9t.<\/p><\/div>\r\n        <\/div>\r\n    <\/div>\r\n        <\/div>\r\n            <div class=\"col-md-6 inline-col feed-item\">\r\n            <div class=\"clearfix\">\r\n        <div class=\"img\">\r\n            <a  href=\"https:\/\/vmkik.positive.hu\/hirek\/ev-projektmenedzsere-dij-2026-felhivas\">\r\n                <img class=\"img-responsive img-center\" src=\"\/uploads\/feed_items\/small-ev-projektmenedzsere-1-17847080695849.jpg\" alt=\"\u00c9v Projektmenedzsere D\u00edj 2026 - felh\u00edv\u00e1s\">\r\n            <\/a>\r\n        <\/div>\r\n        <div class=\"info\">\r\n            <div class=\"title\"><a  href=\"https:\/\/vmkik.positive.hu\/hirek\/ev-projektmenedzsere-dij-2026-felhivas\">\u00c9v Projektmenedzsere D\u00edj 2026 - felh\u00edv\u00e1s<\/a><\/div>\r\n                            <ul class=\"categories\">\r\n                                            <li><a style=\"background: #5c299e; color: #ffffff\" href=\"https:\/\/vmkik.positive.hu\/hirek\/hirek\">H\u00edrek<\/a><\/li>\r\n                                            <li><a style=\"background: #299e9e; color: #ffffff\" href=\"https:\/\/vmkik.positive.hu\/hirek\/palyazatok\">P\u00e1ly\u00e1zatok<\/a><\/li>\r\n                                        <li><span class=\"public-at\">2026. j\u00falius 22.<\/span><\/li>\r\n                <\/ul>\r\n                        <div class=\"desc\"><p>Megjelent az <strong>\u00c9v Projektmenedzsere D\u00edj 2026<!--TgQPHd||[]--><\/strong>-os p\u00e1ly\u00e1zati felh\u00edv\u00e1sa, amely a hazai projektmenedzsment szakma legrangosabb elismer\u00e9se. A d\u00edj c\u00e9lja a szakma t\u00e1rsadalmi elismerts\u00e9g\u00e9nek n\u00f6vel\u00e9se \u00e9s a kiv\u00e1l\u00f3 teljes\u00edtm\u00e9nyt ny\u00fajt\u00f3 szakemberek reflektorf\u00e9nybe \u00e1ll\u00edt\u00e1sa.<\/p><\/div>\r\n        <\/div>\r\n    <\/div>\r\n        <\/div>\r\n            <div class=\"col-md-6 inline-col feed-item\">\r\n            <div class=\"clearfix\">\r\n        <div class=\"img\">\r\n            <a  href=\"https:\/\/vmkik.positive.hu\/hirek\/elindult-az-eu-digitalis-termekutlevele\">\r\n                <img class=\"img-responsive img-center\" src=\"\/uploads\/feed_items\/small-termekutlevel-17847077024738.jpg\" alt=\"Elindult az EU Digit\u00e1lis Term\u00e9k\u00fatlevele\">\r\n            <\/a>\r\n        <\/div>\r\n        <div class=\"info\">\r\n            <div class=\"title\"><a  href=\"https:\/\/vmkik.positive.hu\/hirek\/elindult-az-eu-digitalis-termekutlevele\">Elindult az EU Digit\u00e1lis Term\u00e9k\u00fatlevele<\/a><\/div>\r\n                            <ul class=\"categories\">\r\n                                            <li><a style=\"background: #5c299e; color: #ffffff\" href=\"https:\/\/vmkik.positive.hu\/hirek\/hirek\">H\u00edrek<\/a><\/li>\r\n                                            <li><a style=\"background: #2a299e; color: #ffffff\" href=\"https:\/\/vmkik.positive.hu\/hirek\/europe-direct\">Europe Direct<\/a><\/li>\r\n                                        <li><span class=\"public-at\">2026. j\u00falius 22.<\/span><\/li>\r\n                <\/ul>\r\n                        <div class=\"desc\"><p>Fontos m\u00e9rf\u00f6ldk\u0151h\u00f6z \u00e9rkezett az Eur\u00f3pai Uni\u00f3 fenntarthat\u00f3s\u00e1gi \u00e9s \u00e1tl\u00e1that\u00f3s\u00e1gi t\u00f6rekv\u00e9se: az Eur\u00f3pai Bizotts\u00e1g hivatalosan is elind\u00edtotta a<strong> Digit\u00e1lis Term\u00e9k\u00fatlev\u00e9l (DPP) regisztert. <\/strong><\/p><\/div>\r\n        <\/div>\r\n    <\/div>\r\n        <\/div>\r\n            <div class=\"col-md-6 inline-col feed-item\">\r\n            <div class=\"clearfix\">\r\n        <div class=\"img\">\r\n            <a  href=\"https:\/\/vmkik.positive.hu\/hirek\/kkv-k-velemenyet-varjak-a-munkahelyi-biztonsagrol\">\r\n                <img class=\"img-responsive img-center\" src=\"\/uploads\/feed_items\/small-munkavedelem-2-17847071118229.jpg\" alt=\"KKV-k v\u00e9lem\u00e9ny\u00e9t v\u00e1rj\u00e1k a munkahelyi biztons\u00e1gr\u00f3l\">\r\n            <\/a>\r\n        <\/div>\r\n        <div class=\"info\">\r\n            <div class=\"title\"><a  href=\"https:\/\/vmkik.positive.hu\/hirek\/kkv-k-velemenyet-varjak-a-munkahelyi-biztonsagrol\">KKV-k v\u00e9lem\u00e9ny\u00e9t v\u00e1rj\u00e1k a munkahelyi biztons\u00e1gr\u00f3l<\/a><\/div>\r\n                            <ul class=\"categories\">\r\n                                            <li><a style=\"background: #5c299e; color: #ffffff\" href=\"https:\/\/vmkik.positive.hu\/hirek\/hirek\">H\u00edrek<\/a><\/li>\r\n                                            <li><a style=\"background: #2a299e; color: #ffffff\" href=\"https:\/\/vmkik.positive.hu\/hirek\/europe-direct\">Europe Direct<\/a><\/li>\r\n                                            <li><a style=\"background: #64299e; color: #ffffff\" href=\"https:\/\/vmkik.positive.hu\/hirek\/vallalkozo-vagyok\">V\u00e1llalkoz\u00f3 vagyok<\/a><\/li>\r\n                                        <li><span class=\"public-at\">2026. j\u00falius 22.<\/span><\/li>\r\n                <\/ul>\r\n                        <div class=\"desc\"><p>Az Eur\u00f3pai Bizotts\u00e1g a kkv-k v\u00e9lem\u00e9ny\u00e9t v\u00e1rja a munkav\u00e9delemr\u0151l \u00e9s az alv\u00e1llalkoz\u00f3i l\u00e1ncokban dolgoz\u00f3k jogainak v\u00e9delm\u00e9r\u0151l.<\/p><\/div>\r\n        <\/div>\r\n    <\/div>\r\n        <\/div>\r\n            <div class=\"col-md-6 inline-col feed-item\">\r\n            <div class=\"clearfix\">\r\n        <div class=\"img\">\r\n            <a  href=\"https:\/\/vmkik.positive.hu\/hirek\/gazdasagi-havi-tajekoztato-2026-junius\">\r\n                <img class=\"img-responsive img-center\" src=\"\/uploads\/feed_items\/small-gvi-17847062585224.jpg\" alt=\"Gazdas\u00e1gi Havi T\u00e1j\u00e9koztat\u00f3 - 2026. j\u00fanius\">\r\n            <\/a>\r\n        <\/div>\r\n        <div class=\"info\">\r\n            <div class=\"title\"><a  href=\"https:\/\/vmkik.positive.hu\/hirek\/gazdasagi-havi-tajekoztato-2026-junius\">Gazdas\u00e1gi Havi T\u00e1j\u00e9koztat\u00f3 - 2026. j\u00fanius<\/a><\/div>\r\n                            <ul class=\"categories\">\r\n                                            <li><a style=\"background: #5c299e; color: #ffffff\" href=\"https:\/\/vmkik.positive.hu\/hirek\/hirek\">H\u00edrek<\/a><\/li>\r\n                                        <li><span class=\"public-at\">2026. j\u00falius 22.<\/span><\/li>\r\n                <\/ul>\r\n                        <div class=\"desc\"><p>A Gazdas\u00e1g \u00e9s V\u00e1llalkoz\u00e1s-kutat\u00f3 Int\u00e9zet aktu\u00e1lis elemz\u00e9sei az \u00e1rbev\u00e9tel, j\u00f6vedelmez\u0151s\u00e9g \u00e9s \u00e1rv\u00e1rakoz\u00e1sok, a munkaer\u0151piaci v\u00e1rakoz\u00e1sok \u00e9s a nemzetk\u00f6zi tendenci\u00e1kr\u00f3l sz\u00f3lnak.<\/p><\/div>\r\n        <\/div>\r\n    <\/div>\r\n        <\/div>\r\n            <div class=\"col-md-6 inline-col feed-item\">\r\n            <div class=\"clearfix\">\r\n        <div class=\"img\">\r\n            <a  href=\"https:\/\/vmkik.positive.hu\/hirek\/fenntarthatobb-turizmust-szeretne-az-europai-parlament-uj-iranyok-johetnek-az-unios-turizmusban\">\r\n                <img class=\"img-responsive img-center\" src=\"\/uploads\/feed_items\/small-tobbsegeben-vannak-az-europai-orszagok-a-mezonyben-1-17846281360273.jpg\" alt=\"Fenntarthat\u00f3bb turizmust szeretne az Eur\u00f3pai Parlament \u2013 \u00faj ir\u00e1nyok j\u00f6hetnek az uni\u00f3s turizmusban\">\r\n            <\/a>\r\n        <\/div>\r\n        <div class=\"info\">\r\n            <div class=\"title\"><a  href=\"https:\/\/vmkik.positive.hu\/hirek\/fenntarthatobb-turizmust-szeretne-az-europai-parlament-uj-iranyok-johetnek-az-unios-turizmusban\">Fenntarthat\u00f3bb turizmust szeretne az Eur\u00f3pai Parlament \u2013 \u00faj ir\u00e1nyok j\u00f6hetnek az uni\u00f3s turizmusban<\/a><\/div>\r\n                            <ul class=\"categories\">\r\n                                            <li><a style=\"background: #5c299e; color: #ffffff\" href=\"https:\/\/vmkik.positive.hu\/hirek\/hirek\">H\u00edrek<\/a><\/li>\r\n                                            <li><a style=\"background: #2a299e; color: #ffffff\" href=\"https:\/\/vmkik.positive.hu\/hirek\/europe-direct\">Europe Direct<\/a><\/li>\r\n                                        <li><span class=\"public-at\">2026. j\u00falius 21.<\/span><\/li>\r\n                <\/ul>\r\n                        <div class=\"desc\"><p>Hogyan lehet \u00fagy fejleszteni a turizmust, hogy az egyszerre szolg\u00e1lja az utaz\u00f3k \u00e9lm\u00e9nyeit, a helyi k\u00f6z\u00f6ss\u00e9gek \u00e9rdekeit \u00e9s a v\u00e1llalkoz\u00e1sok fejl\u0151d\u00e9s\u00e9t? Erre keresi a v\u00e1laszt az Eur\u00f3pai Parlament, amely \u00faj javaslatcsomagot fogadott el a fenntarthat\u00f3bb \u00e9s kiegyens\u00falyozottabb eur\u00f3pai turizmus \u00e9rdek\u00e9ben.<\/p><\/div>\r\n        <\/div>\r\n    <\/div>\r\n        <\/div>\r\n            <div class=\"col-md-6 inline-col feed-item\">\r\n            <div class=\"clearfix\">\r\n        <div class=\"img\">\r\n            <a  href=\"https:\/\/vmkik.positive.hu\/hirek\/mi-pro-kepzes-ugynokrendszerek-es-intelligens-automatizalas-mikro-es-kisvallalkozasok-szamara\">\r\n                <img class=\"img-responsive img-center\" src=\"\/uploads\/feed_items\/small-betelt-mi-pro-17851416503551.png\" alt=\"MI PRO - K\u00c9PZ\u00c9S - \u00dcgyn\u00f6krendszerek \u00e9s intelligens automatiz\u00e1l\u00e1s mikro \u00e9s kisv\u00e1llalkoz\u00e1sok sz\u00e1m\u00e1ra\">\r\n            <\/a>\r\n        <\/div>\r\n        <div class=\"info\">\r\n            <div class=\"title\"><a  href=\"https:\/\/vmkik.positive.hu\/hirek\/mi-pro-kepzes-ugynokrendszerek-es-intelligens-automatizalas-mikro-es-kisvallalkozasok-szamara\">MI PRO - K\u00c9PZ\u00c9S - \u00dcgyn\u00f6krendszerek \u00e9s intelligens automatiz\u00e1l\u00e1s mikro \u00e9s kisv\u00e1llalkoz\u00e1sok sz\u00e1m\u00e1ra<\/a><\/div>\r\n                            <ul class=\"categories\">\r\n                                            <li><a style=\"background: #5c299e; color: #ffffff\" href=\"https:\/\/vmkik.positive.hu\/hirek\/hirek\">H\u00edrek<\/a><\/li>\r\n                                            <li><a style=\"background: #8f9e29; color: #ffffff\" href=\"https:\/\/vmkik.positive.hu\/hirek\/vallalkozasfejlesztesi-projekt\">V\u00e1llalkoz\u00e1sfejleszt\u00e9si projekt<\/a><\/li>\r\n                                        <li><span class=\"public-at\">2026. j\u00falius 21.<\/span><\/li>\r\n                <\/ul>\r\n                        <div class=\"desc\"><p>Ha szeretn\u00e9, hogy a mesters\u00e9ges intelligencia&nbsp;<strong>ne csak v\u00e1laszoljon a k\u00e9rd\u00e9seire, hanem val\u00f3di feladatokat is elv\u00e9gezzen \u00d6n helyett<\/strong>, akkor ez a k\u00e9pz\u00e9s \u00d6nnek sz\u00f3l.<\/p><\/div>\r\n        <\/div>\r\n    <\/div>\r\n        <\/div>\r\n    <\/div>\r\n\r\n<ul class=\"pagination\">\r\n                    <li class=\"left\"><a href=\"https:\/\/vmkik.positive.hu\/api\/feeds\/page?page=6\" rel=\"prev\"><span class=\"icon icon-arrow-flat-left\"><\/span><\/a><\/li>\r\n        \r\n                    \r\n                                                                        <li><a href=\"https:\/\/vmkik.positive.hu\/api\/feeds\/page?page=1\">01<\/a><\/li>\r\n                                                                                <li><a href=\"https:\/\/vmkik.positive.hu\/api\/feeds\/page?page=2\">02<\/a><\/li>\r\n                                                                                    <li class=\"disabled\"><span>...<\/span><\/li>\r\n            \r\n                                \r\n                                                                        <li><a href=\"https:\/\/vmkik.positive.hu\/api\/feeds\/page?page=4\">04<\/a><\/li>\r\n                                                                                <li><a href=\"https:\/\/vmkik.positive.hu\/api\/feeds\/page?page=5\">05<\/a><\/li>\r\n                                                                                <li><a href=\"https:\/\/vmkik.positive.hu\/api\/feeds\/page?page=6\">06<\/a><\/li>\r\n                                                                                <li class=\"active\"><span>07<\/span><\/li>\r\n                                                                                <li><a href=\"https:\/\/vmkik.positive.hu\/api\/feeds\/page?page=8\">08<\/a><\/li>\r\n                                                                                <li><a href=\"https:\/\/vmkik.positive.hu\/api\/feeds\/page?page=9\">09<\/a><\/li>\r\n                                                                                <li><a href=\"https:\/\/vmkik.positive.hu\/api\/feeds\/page?page=10\">10<\/a><\/li>\r\n                                                                                    <li class=\"disabled\"><span>...<\/span><\/li>\r\n            \r\n                                \r\n                                                                        <li><a href=\"https:\/\/vmkik.positive.hu\/api\/feeds\/page?page=503\">503<\/a><\/li>\r\n                                                                                <li><a href=\"https:\/\/vmkik.positive.hu\/api\/feeds\/page?page=504\">504<\/a><\/li>\r\n                                                        \r\n                    <li class=\"right\"><a href=\"https:\/\/vmkik.positive.hu\/api\/feeds\/page?page=8\" rel=\"next\"><span class=\"icon icon-arrow-flat-right\"><\/span><\/a><\/li>\r\n            <\/ul>\r\n\r\n","page":"7"}