{"content":"<div class=\"row inline-row\">\r\n                <div class=\"col-md-6 inline-col feed-item\">\r\n            <div class=\"clearfix\">\r\n        <div class=\"img\">\r\n            <a  href=\"https:\/\/vmkik.positive.hu\/hirek\/a-koztartozasmentesseg-a-koma-adatbazisban-szereplessel-is-igazolhato\">\r\n                <img class=\"img-responsive img-center\" src=\"\/uploads\/feed_items\/small-koma-azaz-a-koztartozasmentes-adozoi-adatbazis-1-1-17604301563418.jpg\" alt=\"A k\u00f6ztartoz\u00e1smentess\u00e9g a KOMA adatb\u00e1zisban szerepl\u00e9ssel is igazolhat\u00f3\">\r\n            <\/a>\r\n        <\/div>\r\n        <div class=\"info\">\r\n            <div class=\"title\"><a  href=\"https:\/\/vmkik.positive.hu\/hirek\/a-koztartozasmentesseg-a-koma-adatbazisban-szereplessel-is-igazolhato\">A k\u00f6ztartoz\u00e1smentess\u00e9g a KOMA adatb\u00e1zisban szerepl\u00e9ssel is igazolhat\u00f3<\/a><\/div>\r\n                            <ul class=\"categories\">\r\n                                            <li><a style=\"background: #5c299e; color: #ffffff\" href=\"https:\/\/vmkik.positive.hu\/hirek\/hirek\">H\u00edrek<\/a><\/li>\r\n                                            <li><a style=\"background: #64299e; color: #ffffff\" href=\"https:\/\/vmkik.positive.hu\/hirek\/vallalkozo-vagyok\">V\u00e1llalkoz\u00f3 vagyok<\/a><\/li>\r\n                                        <li><span class=\"public-at\">2025. okt\u00f3ber 14.<\/span><\/li>\r\n                <\/ul>\r\n                        <div class=\"desc\"><p>A k\u00f6ztartoz\u00e1smentess\u00e9g egyszer\u0171bben is igazolhat\u00f3, ha valaki k\u00e9ri felv\u00e9tel\u00e9t, \u00e9s szerepel a NAV K\u00f6ztartoz\u00e1smentes Ad\u00f3z\u00f3i Adatb\u00e1zis\u00e1ban (KOMA) az a legt\u00f6bb esetben kiv\u00e1ltja a null\u00e1s igazol\u00e1st - h\u00edvta fel a figyelmet a Nemzeti Ad\u00f3- \u00e9s V\u00e1mhivatal (NAV).<\/p><\/div>\r\n        <\/div>\r\n    <\/div>\r\n        <\/div>\r\n            <div class=\"col-md-6 inline-col feed-item\">\r\n            <div class=\"clearfix\">\r\n        <div class=\"img\">\r\n            <a  href=\"https:\/\/vmkik.positive.hu\/hirek\/az-ev-fogyasztovedelmi-referense-2025-dij-palyazat\">\r\n                <img class=\"img-responsive img-center\" src=\"\/uploads\/feed_items\/small-justicia-17604283266929.jpg\" alt=\"Az \u00e9v fogyaszt\u00f3v\u00e9delmi referense 2025 d\u00edj - p\u00e1ly\u00e1zat\">\r\n            <\/a>\r\n        <\/div>\r\n        <div class=\"info\">\r\n            <div class=\"title\"><a  href=\"https:\/\/vmkik.positive.hu\/hirek\/az-ev-fogyasztovedelmi-referense-2025-dij-palyazat\">Az \u00e9v fogyaszt\u00f3v\u00e9delmi referense 2025 d\u00edj - p\u00e1ly\u00e1zat<\/a><\/div>\r\n                            <ul class=\"categories\">\r\n                                            <li><a style=\"background: #5c299e; color: #ffffff\" href=\"https:\/\/vmkik.positive.hu\/hirek\/hirek\">H\u00edrek<\/a><\/li>\r\n                                            <li><a style=\"background: #299e9e; color: #ffffff\" href=\"https:\/\/vmkik.positive.hu\/hirek\/palyazatok\">P\u00e1ly\u00e1zatok<\/a><\/li>\r\n                                        <li><span class=\"public-at\">2025. okt\u00f3ber 14.<\/span><\/li>\r\n                <\/ul>\r\n                        <div class=\"desc\"><p>Al\u00e1\u00edr\u00e1sra ker\u00fclt az MKIK \u00e9s a Fogyaszt\u00f3v\u00e9delmi Referens Egyes\u00fclet (FORE) k\u00f6z\u00f6tti Egy\u00fcttm\u0171k\u00f6d\u00e9si Meg\u00e1llapod\u00e1s. Tekintettel arra, hogy az MKIK hivat\u00e1sa az, hogy el\u0151mozd\u00edtsa a gazdas\u00e1g fejl\u0151d\u00e9s\u00e9t \u00e9s szervez\u0151d\u00e9s\u00e9t, az \u00fczleti forgalom biztons\u00e1g\u00e1t \u00e9s k\u00f6vetkezetesen t\u00e1mogatja a v\u00e1llalkoz\u00e1sok tisztess\u00e9ges piaci magatart\u00e1s\u00e1t, a gazdas\u00e1gi tev\u00e9kenys\u00e9get folytat\u00f3k \u00e1ltal\u00e1nos, egy\u00fcttes \u00e9rdekeinek \u00e9rv\u00e9nyes\u00fcl\u00e9s\u00e9t, illet\u0151leg el\u0151seg\u00edtse a hazai v\u00e1llalkoz\u00e1sok versenyk\u00e9pess\u00e9g\u00e9nek n\u00f6vel\u00e9s\u00e9t az er\u0151s, fenntarthat\u00f3an m\u0171k\u00f6d\u0151 magyar gazdas\u00e1gban.<\/p><\/div>\r\n        <\/div>\r\n    <\/div>\r\n        <\/div>\r\n            <div class=\"col-md-6 inline-col feed-item\">\r\n            <div class=\"clearfix\">\r\n        <div class=\"img\">\r\n            <a  href=\"https:\/\/vmkik.positive.hu\/hirek\/europai-hulladekcsokkentesi-het-2025\">\r\n                <img class=\"img-responsive img-center\" src=\"\/uploads\/feed_items\/small-ewwr25-poster-en-wb-723x1024-17604276999827.png\" alt=\"Eur\u00f3pai Hullad\u00e9kcs\u00f6kkent\u00e9si H\u00e9t 2025\">\r\n            <\/a>\r\n        <\/div>\r\n        <div class=\"info\">\r\n            <div class=\"title\"><a  href=\"https:\/\/vmkik.positive.hu\/hirek\/europai-hulladekcsokkentesi-het-2025\">Eur\u00f3pai Hullad\u00e9kcs\u00f6kkent\u00e9si H\u00e9t 2025<\/a><\/div>\r\n                            <ul class=\"categories\">\r\n                                            <li><a style=\"background: #5c299e; color: #ffffff\" href=\"https:\/\/vmkik.positive.hu\/hirek\/hirek\">H\u00edrek<\/a><\/li>\r\n                                            <li><a style=\"background: #2a299e; color: #ffffff\" href=\"https:\/\/vmkik.positive.hu\/hirek\/europe-direct\">Europe Direct<\/a><\/li>\r\n                                        <li><span class=\"public-at\">2025. okt\u00f3ber 14.<\/span><\/li>\r\n                <\/ul>\r\n                        <div class=\"desc\"><p style=\"text-align:justify\">Magyarorsz\u00e1g id\u00e9n is r\u00e9szt vesz a 2009 \u00f3ta zajl\u00f3 Eur\u00f3pai Hullad\u00e9kcs\u00f6kkent\u00e9si H\u00e9t (www.ewwr.eu) esem\u00e9nysorozat\u00e1ban, melyen \u00e9vek \u00f3ta sikerrel szerepelnek a hazai akci\u00f3fejleszt\u0151k, k\u00f6z\u00f6ss\u00e9gek.<\/p><\/div>\r\n        <\/div>\r\n    <\/div>\r\n        <\/div>\r\n            <div class=\"col-md-6 inline-col feed-item\">\r\n            <div class=\"clearfix\">\r\n        <div class=\"img\">\r\n            <a  href=\"https:\/\/vmkik.positive.hu\/hirek\/palyazatok-2025-oktober\">\r\n                <img class=\"img-responsive img-center\" src=\"\/uploads\/feed_items\/small-palyazat-17604268718832.jpg\" alt=\"P\u00e1ly\u00e1zatok 2025. okt\u00f3ber\">\r\n            <\/a>\r\n        <\/div>\r\n        <div class=\"info\">\r\n            <div class=\"title\"><a  href=\"https:\/\/vmkik.positive.hu\/hirek\/palyazatok-2025-oktober\">P\u00e1ly\u00e1zatok 2025. okt\u00f3ber<\/a><\/div>\r\n                            <ul class=\"categories\">\r\n                                            <li><a style=\"background: #5c299e; color: #ffffff\" href=\"https:\/\/vmkik.positive.hu\/hirek\/hirek\">H\u00edrek<\/a><\/li>\r\n                                            <li><a style=\"background: #299e9e; color: #ffffff\" href=\"https:\/\/vmkik.positive.hu\/hirek\/palyazatok\">P\u00e1ly\u00e1zatok<\/a><\/li>\r\n                                        <li><span class=\"public-at\">2025. okt\u00f3ber 14.<\/span><\/li>\r\n                <\/ul>\r\n                        <div class=\"desc\"><p>Csatolt t\u00e1bl\u00e1zatainkban megtal\u00e1lhatja a legfontosabb inform\u00e1ci\u00f3kat azokr\u00f3l az aktu\u00e1lis p\u00e1ly\u00e1zatokr\u00f3l, amelyek jelenleg a k\u00fcl\u00f6nb\u00f6z\u0151 szervezetek sz\u00e1m\u00e1ra el\u00e9rhet\u0151k.<\/p>\r\n\r\n<p>&nbsp;<\/p><\/div>\r\n        <\/div>\r\n    <\/div>\r\n        <\/div>\r\n            <div class=\"col-md-6 inline-col feed-item\">\r\n            <div class=\"clearfix\">\r\n        <div class=\"img\">\r\n            <a  href=\"https:\/\/vmkik.positive.hu\/hirek\/kkv-innovaciok-piacra-vitelenek-tamogatasa\">\r\n                <img class=\"img-responsive img-center\" src=\"\/uploads\/feed_items\/small-palyazathoz-17604263968664.jpg\" alt=\"KKV innov\u00e1ci\u00f3k piacra vitel\u00e9nek t\u00e1mogat\u00e1sa\">\r\n            <\/a>\r\n        <\/div>\r\n        <div class=\"info\">\r\n            <div class=\"title\"><a  href=\"https:\/\/vmkik.positive.hu\/hirek\/kkv-innovaciok-piacra-vitelenek-tamogatasa\">KKV innov\u00e1ci\u00f3k piacra vitel\u00e9nek t\u00e1mogat\u00e1sa<\/a><\/div>\r\n                            <ul class=\"categories\">\r\n                                            <li><a style=\"background: #5c299e; color: #ffffff\" href=\"https:\/\/vmkik.positive.hu\/hirek\/hirek\">H\u00edrek<\/a><\/li>\r\n                                            <li><a style=\"background: #299e9e; color: #ffffff\" href=\"https:\/\/vmkik.positive.hu\/hirek\/palyazatok\">P\u00e1ly\u00e1zatok<\/a><\/li>\r\n                                        <li><span class=\"public-at\">2025. okt\u00f3ber 14.<\/span><\/li>\r\n                <\/ul>\r\n                        <div class=\"desc\"><p>A Sz\u00e9chenyi Terv Plusz keret\u00e9ben megjelent a \u201eKKV innov\u00e1ci\u00f3k piacra vitel\u00e9nek t\u00e1mogat\u00e1sa\u201d c\u00edm\u0171 (GINOP Plusz-2.1.4-25 k\u00f3dsz\u00e1m\u00fa) felh\u00edv\u00e1s. A \u00e1lyzat c\u00e9lja: a&nbsp;kis- \u00e9s k\u00f6z\u00e9pv\u00e1llalkoz\u00e1sok (KKV-k) innovat\u00edv term\u00e9keinek, szolg\u00e1ltat\u00e1sainak \u00e9s technol\u00f3gi\u00e1inak piacra vitel\u00e9nek t\u00e1mogat\u00e1sa \u2013 vagyis a kutat\u00e1s-fejleszt\u00e9si eredm\u00e9nyek gyakorlati hasznos\u00edt\u00e1sa.<\/p><\/div>\r\n        <\/div>\r\n    <\/div>\r\n        <\/div>\r\n            <div class=\"col-md-6 inline-col feed-item\">\r\n            <div class=\"clearfix\">\r\n        <div class=\"img\">\r\n            <a  href=\"https:\/\/vmkik.positive.hu\/hirek\/nem-eri-meg-titkolozni-a-nav-fokozott-szigorral-vizsgalja-a-veszteseges-vallalkozasokat\">\r\n                <img class=\"img-responsive img-center\" src=\"\/uploads\/feed_items\/small-penzugyi-szamviteli-ugyintezo-550x550-1-17603583501377.jpg\" alt=\"Nem \u00e9ri meg titkol\u00f3zni - A NAV fokozott szigorral vizsg\u00e1lja a vesztes\u00e9ges v\u00e1llalkoz\u00e1sokat\">\r\n            <\/a>\r\n        <\/div>\r\n        <div class=\"info\">\r\n            <div class=\"title\"><a  href=\"https:\/\/vmkik.positive.hu\/hirek\/nem-eri-meg-titkolozni-a-nav-fokozott-szigorral-vizsgalja-a-veszteseges-vallalkozasokat\">Nem \u00e9ri meg titkol\u00f3zni - A NAV fokozott szigorral vizsg\u00e1lja a vesztes\u00e9ges v\u00e1llalkoz\u00e1sokat<\/a><\/div>\r\n                            <ul class=\"categories\">\r\n                                            <li><a style=\"background: #5c299e; color: #ffffff\" href=\"https:\/\/vmkik.positive.hu\/hirek\/hirek\">H\u00edrek<\/a><\/li>\r\n                                            <li><a style=\"background: #64299e; color: #ffffff\" href=\"https:\/\/vmkik.positive.hu\/hirek\/vallalkozo-vagyok\">V\u00e1llalkoz\u00f3 vagyok<\/a><\/li>\r\n                                        <li><span class=\"public-at\">2025. okt\u00f3ber 13.<\/span><\/li>\r\n                <\/ul>\r\n                        <div class=\"desc\"><p>Fokozott szigorra sz\u00e1m\u00edthatnak a Nemzeti Ad\u00f3- \u00e9s V\u00e1mhivatal (NAV) r\u00e9sz\u00e9r\u0151l azok a c\u00e9gek, amelyek \u00e9vek \u00f3ta vesztes\u00e9get mutatnak ki m\u0171k\u00f6d\u00e9s\u00fck sor\u00e1n. Az ellen\u0151rz\u00e9sek tapasztalatai szerint ezekn\u00e9l a c\u00e9gekn\u00e9l a vesztes\u00e9g gyakran nem val\u00f3s, hanem abb\u00f3l ered, hogy a bev\u00e9tel egy r\u00e9sz\u00e9t eltitkolj\u00e1k: az \u00e9rt\u00e9kes\u00edt\u00e9sekr\u0151l nem \u00e1ll\u00edtanak ki sz\u00e1ml\u00e1t vagy nyugt\u00e1t.<\/p><\/div>\r\n        <\/div>\r\n    <\/div>\r\n        <\/div>\r\n            <div class=\"col-md-6 inline-col feed-item\">\r\n            <div class=\"clearfix\">\r\n        <div class=\"img\">\r\n            <a  href=\"https:\/\/vmkik.positive.hu\/hirek\/orszagos-eloadas-sorozat-indul-a-nav-val-egyuttmukodve\">\r\n                <img class=\"img-responsive img-center\" src=\"\/uploads\/feed_items\/small-nav-teszt-2-17603503920699.jpg\" alt=\"Orsz\u00e1gos el\u0151ad\u00e1s sorozat indul a NAV-val egy\u00fcttm\u0171k\u00f6dve\">\r\n            <\/a>\r\n        <\/div>\r\n        <div class=\"info\">\r\n            <div class=\"title\"><a  href=\"https:\/\/vmkik.positive.hu\/hirek\/orszagos-eloadas-sorozat-indul-a-nav-val-egyuttmukodve\">Orsz\u00e1gos el\u0151ad\u00e1s sorozat indul a NAV-val egy\u00fcttm\u0171k\u00f6dve<\/a><\/div>\r\n                            <ul class=\"categories\">\r\n                                            <li><a style=\"background: #5c299e; color: #ffffff\" href=\"https:\/\/vmkik.positive.hu\/hirek\/hirek\">H\u00edrek<\/a><\/li>\r\n                                            <li><a style=\"background: #64299e; color: #ffffff\" href=\"https:\/\/vmkik.positive.hu\/hirek\/vallalkozo-vagyok\">V\u00e1llalkoz\u00f3 vagyok<\/a><\/li>\r\n                                        <li><span class=\"public-at\">2025. okt\u00f3ber 13.<\/span><\/li>\r\n                <\/ul>\r\n                        <div class=\"desc\"><p style=\"text-align:justify\">A NAV \u00e9s az MKIK egy\u00fcttm\u0171k\u00f6d\u00e9se keret\u00e9ben k\u00f6z\u00f6s el\u0151ad\u00e1s sorozat indul a NAV digit\u00e1lis szolg\u00e1ltat\u00e1sainak bemutat\u00e1s\u00e1ra \u00e9s n\u00e9pszer\u0171s\u00edt\u00e9s\u00e9re. C\u00e9l, hogy a hazai v\u00e1llalkoz\u00e1sok min\u00e9l sz\u00e9lesebb k\u00f6re megismerje azokat az online megold\u00e1sokat, amelyek egyszer\u0171bb\u00e9, biztons\u00e1gosabb\u00e1 \u00e9s gyorsabb\u00e1 teszik az ad\u00f3z\u00e1si folyamatokat, ez\u00e1ltal cs\u00f6kkentve az adminisztrat\u00edv terheket \u00e9s er\u0151s\u00edtve a jogk\u00f6vet\u00e9st.<\/p><\/div>\r\n        <\/div>\r\n    <\/div>\r\n        <\/div>\r\n            <div class=\"col-md-6 inline-col feed-item\">\r\n            <div class=\"clearfix\">\r\n        <div class=\"img\">\r\n            <a  href=\"https:\/\/vmkik.positive.hu\/hirek\/az-eu-okocimke-rekordot-dont-egyre-tobb-zold-lehetoseg-vallalkozasoknak-es-fogyasztoknak\">\r\n                <img class=\"img-responsive img-center\" src=\"\/uploads\/feed_items\/small-eu-ecolabel-17603500889333.jpg\" alt=\"Az EU \u00f6koc\u00edmke rekordot d\u00f6nt \u2013 egyre t\u00f6bb z\u00f6ld lehet\u0151s\u00e9g v\u00e1llalkoz\u00e1soknak \u00e9s fogyaszt\u00f3knak\">\r\n            <\/a>\r\n        <\/div>\r\n        <div class=\"info\">\r\n            <div class=\"title\"><a  href=\"https:\/\/vmkik.positive.hu\/hirek\/az-eu-okocimke-rekordot-dont-egyre-tobb-zold-lehetoseg-vallalkozasoknak-es-fogyasztoknak\">Az EU \u00f6koc\u00edmke rekordot d\u00f6nt \u2013 egyre t\u00f6bb z\u00f6ld lehet\u0151s\u00e9g v\u00e1llalkoz\u00e1soknak \u00e9s fogyaszt\u00f3knak<\/a><\/div>\r\n                            <ul class=\"categories\">\r\n                                            <li><a style=\"background: #5c299e; color: #ffffff\" href=\"https:\/\/vmkik.positive.hu\/hirek\/hirek\">H\u00edrek<\/a><\/li>\r\n                                            <li><a style=\"background: #2a299e; color: #ffffff\" href=\"https:\/\/vmkik.positive.hu\/hirek\/europe-direct\">Europe Direct<\/a><\/li>\r\n                                        <li><span class=\"public-at\">2025. okt\u00f3ber 13.<\/span><\/li>\r\n                <\/ul>\r\n                        <div class=\"desc\"><p>Az <strong>EU \u00f6koc\u00edmke (EU Ecolabel)<\/strong> t\u00f6rt\u00e9nelmi m\u00e9rf\u00f6ldk\u0151h\u00f6z \u00e9rkezett: <strong>t\u00f6bb mint 109 000 term\u00e9k<\/strong> viseli m\u00e1r a j\u00f3l ismert log\u00f3t, amelyet <strong>3 384 enged\u00e9ly<\/strong> alapj\u00e1n haszn\u00e1lnak szerte Eur\u00f3p\u00e1ban \u2013 ez a program fenn\u00e1ll\u00e1sa \u00f3ta a <strong>legsz\u00e9lesebb k\u00f6r\u0171 k\u00f6rnyezetbar\u00e1t k\u00edn\u00e1lat<\/strong>.<\/p><\/div>\r\n        <\/div>\r\n    <\/div>\r\n        <\/div>\r\n    <\/div>\r\n\r\n<ul class=\"pagination\">\r\n                    <li class=\"left\"><a href=\"https:\/\/vmkik.positive.hu\/api\/feeds\/page?page=72\" rel=\"prev\"><span class=\"icon icon-arrow-flat-left\"><\/span><\/a><\/li>\r\n        \r\n                    \r\n                                                                        <li><a href=\"https:\/\/vmkik.positive.hu\/api\/feeds\/page?page=1\">01<\/a><\/li>\r\n                                                                                <li><a href=\"https:\/\/vmkik.positive.hu\/api\/feeds\/page?page=2\">02<\/a><\/li>\r\n                                                                                    <li class=\"disabled\"><span>...<\/span><\/li>\r\n            \r\n                                \r\n                                                                        <li><a href=\"https:\/\/vmkik.positive.hu\/api\/feeds\/page?page=70\">70<\/a><\/li>\r\n                                                                                <li><a href=\"https:\/\/vmkik.positive.hu\/api\/feeds\/page?page=71\">71<\/a><\/li>\r\n                                                                                <li><a href=\"https:\/\/vmkik.positive.hu\/api\/feeds\/page?page=72\">72<\/a><\/li>\r\n                                                                                <li class=\"active\"><span>73<\/span><\/li>\r\n                                                                                <li><a href=\"https:\/\/vmkik.positive.hu\/api\/feeds\/page?page=74\">74<\/a><\/li>\r\n                                                                                <li><a href=\"https:\/\/vmkik.positive.hu\/api\/feeds\/page?page=75\">75<\/a><\/li>\r\n                                                                                <li><a href=\"https:\/\/vmkik.positive.hu\/api\/feeds\/page?page=76\">76<\/a><\/li>\r\n                                                                                    <li class=\"disabled\"><span>...<\/span><\/li>\r\n            \r\n                                \r\n                                                                        <li><a href=\"https:\/\/vmkik.positive.hu\/api\/feeds\/page?page=503\">503<\/a><\/li>\r\n                                                                                <li><a href=\"https:\/\/vmkik.positive.hu\/api\/feeds\/page?page=504\">504<\/a><\/li>\r\n                                                        \r\n                    <li class=\"right\"><a href=\"https:\/\/vmkik.positive.hu\/api\/feeds\/page?page=74\" rel=\"next\"><span class=\"icon icon-arrow-flat-right\"><\/span><\/a><\/li>\r\n            <\/ul>\r\n\r\n","page":"73"}