{"content":"<div class=\"row inline-row\">\r\n                <div class=\"col-md-6 inline-col feed-item\">\r\n            <div class=\"clearfix\">\r\n        <div class=\"img\">\r\n            <a  href=\"https:\/\/vmkik.positive.hu\/hirek\/webaruhazaknak-is-meg-kell-fizetniuk-a-kiskereskedelmi-adot\">\r\n                <img class=\"img-responsive img-center\" src=\"\/uploads\/feed_items\/small-webaruhaz-keszites-17430676653906.png\" alt=\"Web\u00e1ruh\u00e1zaknak is meg kell fizetni\u00fck a kiskereskedelmi ad\u00f3t\">\r\n            <\/a>\r\n        <\/div>\r\n        <div class=\"info\">\r\n            <div class=\"title\"><a  href=\"https:\/\/vmkik.positive.hu\/hirek\/webaruhazaknak-is-meg-kell-fizetniuk-a-kiskereskedelmi-adot\">Web\u00e1ruh\u00e1zaknak is meg kell fizetni\u00fck a kiskereskedelmi ad\u00f3t<\/a><\/div>\r\n                            <ul class=\"categories\">\r\n                                            <li><a style=\"background: #5c299e; color: #ffffff\" href=\"https:\/\/vmkik.positive.hu\/hirek\/hirek\">H\u00edrek<\/a><\/li>\r\n                                            <li><a style=\"background: #64299e; color: #ffffff\" href=\"https:\/\/vmkik.positive.hu\/hirek\/vallalkozo-vagyok\">V\u00e1llalkoz\u00f3 vagyok<\/a><\/li>\r\n                                        <li><span class=\"public-at\">2025. m\u00e1rcius 27.<\/span><\/li>\r\n                <\/ul>\r\n                        <div class=\"desc\"><p><strong>A Nemzeti Ad\u00f3- \u00e9s V\u00e1mhivatal (NAV) sajt\u00f3k\u00f6zlem\u00e9ny\u00e9ben felh\u00edvja a figyelmet, hogy a kiskereskedelmi ad\u00f3t a web\u00e1ruh\u00e1zaknak is meg kell fizetni\u00fck.<\/strong><\/p><\/div>\r\n        <\/div>\r\n    <\/div>\r\n        <\/div>\r\n            <div class=\"col-md-6 inline-col feed-item\">\r\n            <div class=\"clearfix\">\r\n        <div class=\"img\">\r\n            <a  href=\"https:\/\/vmkik.positive.hu\/hirek\/turisztikai-bank\">\r\n                <img class=\"img-responsive img-center\" src=\"\/uploads\/feed_items\/small-hotel-640-17430672184388.jpg\" alt=\"Turisztikai Bank\">\r\n            <\/a>\r\n        <\/div>\r\n        <div class=\"info\">\r\n            <div class=\"title\"><a  href=\"https:\/\/vmkik.positive.hu\/hirek\/turisztikai-bank\">Turisztikai Bank<\/a><\/div>\r\n                            <ul class=\"categories\">\r\n                                            <li><a style=\"background: #5c299e; color: #ffffff\" href=\"https:\/\/vmkik.positive.hu\/hirek\/hirek\">H\u00edrek<\/a><\/li>\r\n                                        <li><span class=\"public-at\">2025. m\u00e1rcius 27.<\/span><\/li>\r\n                <\/ul>\r\n                        <div class=\"desc\"><p>2025-ben is jelent\u0151s fejleszt\u00e9sekre ker\u00fcl sor a turizmus ipar\u00e1gban, \u00edgy \u0151szt\u0151l l\u00e9trehoz\u00e1sra ker\u00fcl egy <strong>turisztikai bank.<\/strong><\/p><\/div>\r\n        <\/div>\r\n    <\/div>\r\n        <\/div>\r\n            <div class=\"col-md-6 inline-col feed-item\">\r\n            <div class=\"clearfix\">\r\n        <div class=\"img\">\r\n            <a  href=\"https:\/\/vmkik.positive.hu\/hirek\/megszunik-az-eu-s-odr-platform-a-fogyasztoi-jogvitak-rendezese-kapcsan\">\r\n                <img class=\"img-responsive img-center\" src=\"\/uploads\/feed_items\/small-medium-odr-cf50239fe7-17430670564988.jpg\" alt=\"Megsz\u0171nik az EU-s ODR platform a fogyaszt\u00f3i jogvit\u00e1k rendez\u00e9se kapcs\u00e1n\">\r\n            <\/a>\r\n        <\/div>\r\n        <div class=\"info\">\r\n            <div class=\"title\"><a  href=\"https:\/\/vmkik.positive.hu\/hirek\/megszunik-az-eu-s-odr-platform-a-fogyasztoi-jogvitak-rendezese-kapcsan\">Megsz\u0171nik az EU-s ODR platform a fogyaszt\u00f3i jogvit\u00e1k rendez\u00e9se kapcs\u00e1n<\/a><\/div>\r\n                            <ul class=\"categories\">\r\n                                            <li><a style=\"background: #5c299e; color: #ffffff\" href=\"https:\/\/vmkik.positive.hu\/hirek\/hirek\">H\u00edrek<\/a><\/li>\r\n                                            <li><a style=\"background: #2a299e; color: #ffffff\" href=\"https:\/\/vmkik.positive.hu\/hirek\/europe-direct\">Europe Direct<\/a><\/li>\r\n                                        <li><span class=\"public-at\">2025. m\u00e1rcius 27.<\/span><\/li>\r\n                <\/ul>\r\n                        <div class=\"desc\"><p>Az eur\u00f3pai <a href=\"https:\/\/ec.europa.eu\/consumers\/odr\/main\/?event=main.home2.show\" target=\"_blank\">online vitarendez\u00e9si platform (ODR)<\/a> 2025. j\u00falius 20-\u00e1n megsz\u0171nik, az <a href=\"https:\/\/eur-lex.europa.eu\/eli\/reg\/2024\/3228\/oj\" target=\"_blank\">EU \u2013 2024\/3228 \u2013 HU \u2013 EUR-Lex rendelet elfogad\u00e1s\u00e1t k\u00f6vet\u0151en.<\/a> A fel\u00fcletet 2025. j\u00falius 19-ig lehet haszn\u00e1lni, de \u00faj panasz m\u00e1r nem ny\u00fajthat\u00f3 be. A <a href=\"https:\/\/ec.europa.eu\/consumers\/odr\/main\/?event=main.consumer.rights#inline-nav-2\" target=\"_blank\">fogyaszt\u00f3i jogvit\u00e1k rendez\u00e9s\u00e9nek egy\u00e9b m\u00f3djair\u00f3l<\/a> ide kattintva lehet t\u00e1j\u00e9koz\u00f3dni.<\/p><\/div>\r\n        <\/div>\r\n    <\/div>\r\n        <\/div>\r\n            <div class=\"col-md-6 inline-col feed-item\">\r\n            <div class=\"clearfix\">\r\n        <div class=\"img\">\r\n            <a  href=\"https:\/\/vmkik.positive.hu\/hirek\/gazdasagi-havi-tajekoztato-2025-februar\">\r\n                <img class=\"img-responsive img-center\" src=\"\/uploads\/feed_items\/small-ght-17430663497153.jpg\" alt=\"Gazdas\u00e1gi Havi T\u00e1j\u00e9koztat\u00f3 - 2025. febru\u00e1r\">\r\n            <\/a>\r\n        <\/div>\r\n        <div class=\"info\">\r\n            <div class=\"title\"><a  href=\"https:\/\/vmkik.positive.hu\/hirek\/gazdasagi-havi-tajekoztato-2025-februar\">Gazdas\u00e1gi Havi T\u00e1j\u00e9koztat\u00f3 - 2025. febru\u00e1r<\/a><\/div>\r\n                            <ul class=\"categories\">\r\n                                            <li><a style=\"background: #5c299e; color: #ffffff\" href=\"https:\/\/vmkik.positive.hu\/hirek\/hirek\">H\u00edrek<\/a><\/li>\r\n                                            <li><a style=\"background: #9e6f29; color: #ffffff\" href=\"https:\/\/vmkik.positive.hu\/hirek\/gazdasagfejlesztes\">Gazdas\u00e1gfejleszt\u00e9s<\/a><\/li>\r\n                                        <li><span class=\"public-at\">2025. m\u00e1rcius 27.<\/span><\/li>\r\n                <\/ul>\r\n                        <div class=\"desc\"><p>Megjelent az MKIK Gazdas\u00e1g- \u00e9s V\u00e1llalkoz\u00e1skutat\u00f3 Int\u00e9zet\u00e9nek havi t\u00e1j\u00e9koztat\u00f3ja.<\/p><\/div>\r\n        <\/div>\r\n    <\/div>\r\n        <\/div>\r\n            <div class=\"col-md-6 inline-col feed-item\">\r\n            <div class=\"clearfix\">\r\n        <div class=\"img\">\r\n            <a  href=\"https:\/\/vmkik.positive.hu\/hirek\/komplex-egyuttmukodest-kezdemenyez-a-kamara\">\r\n                <img class=\"img-responsive img-center\" src=\"\/uploads\/feed_items\/small-img-16201-1743000949783.JPG\" alt=\"Komplex egy\u00fcttm\u0171k\u00f6d\u00e9st kezdem\u00e9nyez a kamara\">\r\n            <\/a>\r\n        <\/div>\r\n        <div class=\"info\">\r\n            <div class=\"title\"><a  href=\"https:\/\/vmkik.positive.hu\/hirek\/komplex-egyuttmukodest-kezdemenyez-a-kamara\">Komplex egy\u00fcttm\u0171k\u00f6d\u00e9st kezdem\u00e9nyez a kamara<\/a><\/div>\r\n                            <ul class=\"categories\">\r\n                                            <li><a style=\"background: #5c299e; color: #ffffff\" href=\"https:\/\/vmkik.positive.hu\/hirek\/hirek\">H\u00edrek<\/a><\/li>\r\n                                        <li><span class=\"public-at\">2025. m\u00e1rcius 26.<\/span><\/li>\r\n                <\/ul>\r\n                        <div class=\"desc\"><p>Az oktat\u00e1s j\u00f6v\u0151j\u00e9\u00e9rt k\u00f6z\u00f6sen kell tenni - ezt sz\u00f6gezt\u00e9k le a szakemberek azon a szakmai megbesz\u00e9l\u00e9sen, melyet a kamara kezdem\u00e9nyez\u00e9s\u00e9re tartottak az \u00e1ltal\u00e1nos iskolai fenntart\u00f3kkal k\u00f6z\u00f6sen.<\/p><\/div>\r\n        <\/div>\r\n    <\/div>\r\n        <\/div>\r\n            <div class=\"col-md-6 inline-col feed-item\">\r\n            <div class=\"clearfix\">\r\n        <div class=\"img\">\r\n            <a  href=\"https:\/\/vmkik.positive.hu\/hirek\/szombathelyi-egyesitett-bolcsodei-intezmeny\">\r\n                <img class=\"img-responsive img-center\" src=\"\/uploads\/feed_items\/small-ebi-kep-17429926277057.jpg\" alt=\"Szombathelyi Egyes\u00edtett B\u00f6lcs\u0151dei Int\u00e9zm\u00e9ny\">\r\n            <\/a>\r\n        <\/div>\r\n        <div class=\"info\">\r\n            <div class=\"title\"><a  href=\"https:\/\/vmkik.positive.hu\/hirek\/szombathelyi-egyesitett-bolcsodei-intezmeny\">Szombathelyi Egyes\u00edtett B\u00f6lcs\u0151dei Int\u00e9zm\u00e9ny<\/a><\/div>\r\n                            <ul class=\"categories\">\r\n                                            <li><a style=\"background: #9e2961; color: #ffffff\" href=\"https:\/\/vmkik.positive.hu\/hirek\/uton-a-szakmak-vilagaban\">Szakk\u00e9pz\u00e9s<\/a><\/li>\r\n                                            <li><a style=\"background: #5c299e; color: #ffffff\" href=\"https:\/\/vmkik.positive.hu\/hirek\/hirek\">H\u00edrek<\/a><\/li>\r\n                                        <li><span class=\"public-at\">2025. m\u00e1rcius 26.<\/span><\/li>\r\n                <\/ul>\r\n                        <div class=\"desc\"><p style=\"text-align:justify\">A Szombathelyi Egyes\u00edtett B\u00f6lcs\u0151dei Int\u00e9zm\u00e9ny t\u00f6bb \u00e9ve du\u00e1lis k\u00e9pz\u0151helyk\u00e9nt m\u0171k\u00f6dik a kisgyermekgondoz\u00f3, -nevel\u0151 tanul\u00f3k szakir\u00e1ny\u00fa oktat\u00e1s\u00e1ban.<\/p><\/div>\r\n        <\/div>\r\n    <\/div>\r\n        <\/div>\r\n            <div class=\"col-md-6 inline-col feed-item\">\r\n            <div class=\"clearfix\">\r\n        <div class=\"img\">\r\n            <a  href=\"https:\/\/vmkik.positive.hu\/hirek\/fodraszok-es-kozmetikusok-jelentkezeset-varjuk-tanulok-dualis-kepzesehez\">\r\n                <img class=\"img-responsive img-center\" src=\"\/uploads\/feed_items\/small-kozmetikus-17429700344431.jpg\" alt=\"Fodr\u00e1szok \u00e9s kozmetikusok jelentkez\u00e9s\u00e9t v\u00e1rjuk tanul\u00f3k du\u00e1lis k\u00e9pz\u00e9s\u00e9hez!\">\r\n            <\/a>\r\n        <\/div>\r\n        <div class=\"info\">\r\n            <div class=\"title\"><a  href=\"https:\/\/vmkik.positive.hu\/hirek\/fodraszok-es-kozmetikusok-jelentkezeset-varjuk-tanulok-dualis-kepzesehez\">Fodr\u00e1szok \u00e9s kozmetikusok jelentkez\u00e9s\u00e9t v\u00e1rjuk tanul\u00f3k du\u00e1lis k\u00e9pz\u00e9s\u00e9hez!<\/a><\/div>\r\n                            <ul class=\"categories\">\r\n                                            <li><a style=\"background: #9e2961; color: #ffffff\" href=\"https:\/\/vmkik.positive.hu\/hirek\/uton-a-szakmak-vilagaban\">Szakk\u00e9pz\u00e9s<\/a><\/li>\r\n                                            <li><a style=\"background: #5c299e; color: #ffffff\" href=\"https:\/\/vmkik.positive.hu\/hirek\/hirek\">H\u00edrek<\/a><\/li>\r\n                                        <li><span class=\"public-at\">2025. m\u00e1rcius 26.<\/span><\/li>\r\n                <\/ul>\r\n                        <div class=\"desc\"><p><strong>Du\u00e1lis k\u00e9pz\u0151i feladatok ell\u00e1t\u00e1s\u00e1ra keres\u00fcnk sz\u00e9p\u00e9szet \u00e1gazatban m\u0171k\u00f6d\u0151 v\u00e1llalkoz\u00f3kat v\u00e1rmegy\u00e9nk eg\u00e9sz ter\u00fclet\u00e9r\u0151l, kiemelten Szentgotth\u00e1rdr\u00f3l \u00e9s k\u00f6rny\u00e9k\u00e9r\u0151l!<\/strong><\/p><\/div>\r\n        <\/div>\r\n    <\/div>\r\n        <\/div>\r\n            <div class=\"col-md-6 inline-col feed-item\">\r\n            <div class=\"clearfix\">\r\n        <div class=\"img\">\r\n            <a  href=\"https:\/\/vmkik.positive.hu\/hirek\/palyazat-nyilik-a-leghatranyosabb-helyzetu-tersegek-legkisebb-cegei-szamara\">\r\n                <img class=\"img-responsive img-center\" src=\"\/uploads\/feed_items\/small-2119x700-17428855084675.png\" alt=\"P\u00e1ly\u00e1zat ny\u00edlik a legh\u00e1tr\u00e1nyosabb helyzet\u0171 t\u00e9rs\u00e9gek legkisebb c\u00e9gei sz\u00e1m\u00e1ra\">\r\n            <\/a>\r\n        <\/div>\r\n        <div class=\"info\">\r\n            <div class=\"title\"><a  href=\"https:\/\/vmkik.positive.hu\/hirek\/palyazat-nyilik-a-leghatranyosabb-helyzetu-tersegek-legkisebb-cegei-szamara\">P\u00e1ly\u00e1zat ny\u00edlik a legh\u00e1tr\u00e1nyosabb helyzet\u0171 t\u00e9rs\u00e9gek legkisebb c\u00e9gei sz\u00e1m\u00e1ra<\/a><\/div>\r\n                            <ul class=\"categories\">\r\n                                            <li><a style=\"background: #5c299e; color: #ffffff\" href=\"https:\/\/vmkik.positive.hu\/hirek\/hirek\">H\u00edrek<\/a><\/li>\r\n                                            <li><a style=\"background: #299e9e; color: #ffffff\" href=\"https:\/\/vmkik.positive.hu\/hirek\/palyazatok\">P\u00e1ly\u00e1zatok<\/a><\/li>\r\n                                        <li><span class=\"public-at\">2025. m\u00e1rcius 25.<\/span><\/li>\r\n                <\/ul>\r\n                        <div class=\"desc\"><p>\u00daj t\u00e1mogat\u00e1si lehet\u0151s\u00e9g ny\u00edlik 50 milli\u00e1rd forint keret\u00f6sszeggel a legh\u00e1tr\u00e1nyosabb helyzet\u0171 r\u00e9gi\u00f3kban \u00e9s a<strong> szabad v\u00e1llalkoz\u00e1si z\u00f3n\u00e1k<\/strong>ban m\u0171k\u00f6d\u0151 mikro- \u00e9s kisv\u00e1llalkoz\u00e1sok sz\u00e1m\u00e1ra, a GINOP-ban meghirdetett p\u00e1ly\u00e1zati felh\u00edv\u00e1s c\u00e9lja a vid\u00e9ki v\u00e1llalkoz\u00e1sok versenyk\u00e9pess\u00e9g\u00e9nek n\u00f6vel\u00e9se.<\/p><\/div>\r\n        <\/div>\r\n    <\/div>\r\n        <\/div>\r\n    <\/div>\r\n\r\n<ul class=\"pagination\">\r\n                    <li class=\"left\"><a href=\"https:\/\/vmkik.positive.hu\/api\/feeds\/page?page=86\" rel=\"prev\"><span class=\"icon icon-arrow-flat-left\"><\/span><\/a><\/li>\r\n        \r\n                    \r\n                                                                        <li><a href=\"https:\/\/vmkik.positive.hu\/api\/feeds\/page?page=1\">01<\/a><\/li>\r\n                                                                                <li><a href=\"https:\/\/vmkik.positive.hu\/api\/feeds\/page?page=2\">02<\/a><\/li>\r\n                                                                                    <li class=\"disabled\"><span>...<\/span><\/li>\r\n            \r\n                                \r\n                                                                        <li><a href=\"https:\/\/vmkik.positive.hu\/api\/feeds\/page?page=84\">84<\/a><\/li>\r\n                                                                                <li><a href=\"https:\/\/vmkik.positive.hu\/api\/feeds\/page?page=85\">85<\/a><\/li>\r\n                                                                                <li><a href=\"https:\/\/vmkik.positive.hu\/api\/feeds\/page?page=86\">86<\/a><\/li>\r\n                                                                                <li class=\"active\"><span>87<\/span><\/li>\r\n                                                                                <li><a href=\"https:\/\/vmkik.positive.hu\/api\/feeds\/page?page=88\">88<\/a><\/li>\r\n                                                                                <li><a href=\"https:\/\/vmkik.positive.hu\/api\/feeds\/page?page=89\">89<\/a><\/li>\r\n                                                                                <li><a href=\"https:\/\/vmkik.positive.hu\/api\/feeds\/page?page=90\">90<\/a><\/li>\r\n                                                                                    <li class=\"disabled\"><span>...<\/span><\/li>\r\n            \r\n                                \r\n                                                                        <li><a href=\"https:\/\/vmkik.positive.hu\/api\/feeds\/page?page=475\">475<\/a><\/li>\r\n                                                                                <li><a href=\"https:\/\/vmkik.positive.hu\/api\/feeds\/page?page=476\">476<\/a><\/li>\r\n                                                        \r\n                    <li class=\"right\"><a href=\"https:\/\/vmkik.positive.hu\/api\/feeds\/page?page=88\" rel=\"next\"><span class=\"icon icon-arrow-flat-right\"><\/span><\/a><\/li>\r\n            <\/ul>\r\n\r\n","page":"87"}